{"id":668467,"date":"2025-12-27T14:46:04","date_gmt":"2025-12-27T14:46:04","guid":{"rendered":"https:\/\/microscopemedia.com\/?p=668467"},"modified":"2025-12-27T14:46:04","modified_gmt":"2025-12-27T14:46:04","slug":"zelenski-a-discutat-cu-mark-carney-inaintea-intrevederii-cu-donald-trump-in-florida","status":"publish","type":"post","link":"https:\/\/microscopemedia.com\/?p=668467","title":{"rendered":"Zelenski a discutat cu Mark Carney \u00eenaintea \u00eentrevederii cu Donald Trump \u00een Florida"},"content":{"rendered":"<div><img decoding=\"async\" src=\"https:\/\/microscopemedia.com\/wp-content\/uploads\/2025\/12\/zelenski-a-discutat-cu-mark-carney-inaintea-intrevederii-cu-donald-trump-in-florida.jpg\" class=\"ff-og-image-inserted\"><\/div>\n<p data-start=\"87\" data-end=\"245\" id=\"p-0\">Pre\u0219edintele Ucrainei, Volodimir Zelenski, a anun\u021bat vineri c\u0103 va avea o \u00eent\u00e2lnire cu pre\u0219edintele Statelor Unite, Donald Trump, \u00een Florida, \u00een acest weekend.<\/p>\n<p data-start=\"247\" data-end=\"464\" id=\"p-1\">Tot vineri, Volodimir Zelenski a transmis pe re\u021belele de socializare c\u0103 a avut o convorbire telefonic\u0103 cu prim-ministrul Canadei, Mark Carney, \u00eenaintea acestei \u00eent\u00e2lniri, conform AP.<\/p>\n<p data-start=\"247\" data-end=\"464\" id=\"p-2\">El a descris discu\u021bia drept \u201eo conversa\u021bie foarte bun\u0103\u201d.<\/p>\n<p data-start=\"466\" data-end=\"706\" id=\"p-3\">Biroul prim-ministrului a publicat o declara\u021bie oficial\u0103 \u00een care a prezentat principalele idei discutate de cei doi lideri. Documentul a inclus men\u021biuni despre c\u00e2t de important\u0103 este p\u0103strarea \u201epresiunii asupra Rusiei\u201d \u00een contextul negocierilor aflate \u00een desf\u0103\u0219urare.<\/p>\n<p data-start=\"708\" data-end=\"902\" id=\"p-4\">\u201ePrim-ministrul a confirmat angajamentul Canadei fa\u021b\u0103 de Ucraina pe parcursul acestor negocieri \u0219i a subliniat necesitatea de a men\u021bine presiunea asupra Rusiei pentru a negocia\u201d, a declarat biroul premierului.<\/p>\n<p data-start=\"904\" data-end=\"1160\" id=\"p-5\">\u201eCanada r\u0103m\u00e2ne angajat\u0103, prin intermediul Coali\u021biei Voluntare, pentru a promova eforturile comune pentru securitatea \u0219i redresarea Ucrainei. Prim-ministrul \u0219i pre\u0219edintele au convenit s\u0103 r\u0103m\u00e2n\u0103 \u00een contact str\u00e2ns \u0219i regulat.\u201d, se mai arat\u0103 \u00een aceea\u0219i declara\u021bie.<\/p>\n<p data-start=\"1162\" data-end=\"1424\" id=\"p-6\">Zelenski a declarat jurnali\u0219tilor c\u0103, \u00een cadrul discu\u021biilor de duminic\u0103, va aborda cu Donald Trump subiectul garan\u021biilor de securitate pentru Ucraina. El a precizat c\u0103 planul \u00een 20 de puncte aflat pe masa negocierilor \u201eeste gata \u00een propor\u021bie de aproximativ 90%\u201d.<\/p>\n<p data-start=\"1426\" data-end=\"1570\" id=\"p-7\">Pre\u0219edintele ucrainean a men\u021bionat \u0219i existen\u021ba unui \u201eacord economic\u201d, dar a spus c\u0103 nu poate spune \u201edac\u0103 ceva va fi finalizat p\u00e2n\u0103 la sf\u00e2r\u0219it\u201d.<\/p>\n<p data-start=\"1572\" data-end=\"1650\" id=\"p-8\">De asemenea, delega\u021bia ucrainean\u0103 va aduce \u00een discu\u021bie \u201eproblemele teritoriale\u201d.<\/p>\n<p data-start=\"1652\" data-end=\"1903\" id=\"p-9\">Rusia a cerut ca Ucraina s\u0103 renun\u021be la teritoriile pe care le mai controleaz\u0103 \u00een Donbas, solicitare care a fost respins\u0103 de Kiev.<\/p>\n<p data-start=\"1652\" data-end=\"1903\" id=\"p-10\">Rusia a ocupat cea mai mare parte a regiunii Luhansk \u0219i aproximativ 70% din regiunea Done\u021bk, cele dou\u0103 zone care formeaz\u0103 Donbasul.<\/p>\n<p data-start=\"1905\" data-end=\"2056\" id=\"p-11\">Volodimir Zelenski a afirmat c\u0103 Ucraina \u201ear dori ca europenii s\u0103 fie implica\u021bi\u201d, \u00eens\u0103 a spus c\u0103 este rezervat legat de realizarea acestui lucru \u00eentr-un interval scurt.<\/p>\n<p data-start=\"2058\" data-end=\"2217\" data-is-last-node data-is-only-node id=\"p-12\">\u201eTrebuie, f\u0103r\u0103 \u00eendoial\u0103, s\u0103 g\u0103sim un format \u00een viitorul apropiat \u00een care nu numai Ucraina \u0219i SUA s\u0103 fie prezente, ci \u0219i Europa s\u0103 fie reprezentat\u0103\u201d, a spus Zelenski.<\/p>\n","protected":false},"excerpt":{"rendered":"<p>Pre\u0219edintele Ucrainei, Volodimir Zelenski, a anun\u021bat vineri c\u0103 va avea o \u00eent\u00e2lnire cu pre\u0219edintele Statelor Unite, Donald Trump, \u00een Florida, \u00een acest weekend. Tot vineri, Volodimir Zelenski a transmis pe &hellip; <a href=\"https:\/\/microscopemedia.com\/?p=668467\" class=\"more-link\">Read More<\/a><\/p>\n","protected":false},"author":1,"featured_media":668468,"comment_status":"closed","ping_status":"closed","sticky":false,"template":"Default","format":"standard","meta":[],"categories":[1],"tags":[],"_links":{"self":[{"href":"https:\/\/microscopemedia.com\/index.php?rest_route=\/wp\/v2\/posts\/668467"}],"collection":[{"href":"https:\/\/microscopemedia.com\/index.php?rest_route=\/wp\/v2\/posts"}],"about":[{"href":"https:\/\/microscopemedia.com\/index.php?rest_route=\/wp\/v2\/types\/post"}],"author":[{"embeddable":true,"href":"https:\/\/microscopemedia.com\/index.php?rest_route=\/wp\/v2\/users\/1"}],"replies":[{"embeddable":true,"href":"https:\/\/microscopemedia.com\/index.php?rest_route=%2Fwp%2Fv2%2Fcomments&post=668467"}],"version-history":[{"count":0,"href":"https:\/\/microscopemedia.com\/index.php?rest_route=\/wp\/v2\/posts\/668467\/revisions"}],"wp:featuredmedia":[{"embeddable":true,"href":"https:\/\/microscopemedia.com\/index.php?rest_route=\/wp\/v2\/media\/668468"}],"wp:attachment":[{"href":"https:\/\/microscopemedia.com\/index.php?rest_route=%2Fwp%2Fv2%2Fmedia&parent=668467"}],"wp:term":[{"taxonomy":"category","embeddable":true,"href":"https:\/\/microscopemedia.com\/index.php?rest_route=%2Fwp%2Fv2%2Fcategories&post=668467"},{"taxonomy":"post_tag","embeddable":true,"href":"https:\/\/microscopemedia.com\/index.php?rest_route=%2Fwp%2Fv2%2Ftags&post=668467"}],"curies":[{"name":"wp","href":"https:\/\/api.w.org\/{rel}","templated":true}]}}