{"id":668471,"date":"2025-12-27T15:16:05","date_gmt":"2025-12-27T15:16:05","guid":{"rendered":"https:\/\/microscopemedia.com\/?p=668471"},"modified":"2025-12-27T15:16:05","modified_gmt":"2025-12-27T15:16:05","slug":"schi-alpin-austriacul-marco-schwarz-a-castigat-super-g-ul-de-la-livigno-din-cadrul-cupei-mondiale","status":"publish","type":"post","link":"https:\/\/microscopemedia.com\/?p=668471","title":{"rendered":"Schi alpin: Austriacul Marco Schwarz a c\u00e2\u0219tigat super-G-ul de la Livigno, din cadrul Cupei Mondiale"},"content":{"rendered":"<div><img decoding=\"async\" src=\"https:\/\/microscopemedia.com\/wp-content\/uploads\/2025\/12\/schi-alpin-austriacul-marco-schwarz-a-castigat-super-g-ul-de-la-livigno-din-cadrul-cupei-mondiale.jpg\" class=\"ff-og-image-inserted\"><\/div>\n<p data-start=\"73\" data-end=\"382\" id=\"p-0\">Austriacul Marco Schwarz a ob\u021binut s\u00e2mb\u0103t\u0103, 27 decembrie, a doua victorie \u00een Cupa Mondial\u0103 de Schi Alpin \u00een doar o s\u0103pt\u0103m\u00e2n\u0103, dup\u0103 succesul de duminic\u0103, 21 decembrie, \u00een proba de slalom uria\u0219 de la Alta Badia.<\/p>\n<p data-start=\"73\" data-end=\"382\" id=\"p-1\">Podiumul super-G de la Livigno a fost completat de elve\u021bienii Alexis Monney \u0219i Franjo Von Allmen.<\/p>\n<p data-start=\"384\" data-end=\"680\" id=\"p-2\">Schwarz, \u00een v\u00e2rst\u0103 de 30 de ani, a c\u00e2\u0219tigat super-G-ul de la Livigno, Italia, cu un timp de 1:10.33. El a terminat \u00een fa\u021ba unui grup de schiori elve\u021bieni de vitez\u0103: Alexis Monney, Franjo Von Allmen \u0219i campionul mondial \u00een exerci\u021biu, Marco Odermatt.<\/p>\n<p data-start=\"682\" data-end=\"833\" id=\"p-3\">Alexis Monney a \u00eencheiat la 0,20 secunde \u00een spatele lui Marco Schwarz, ob\u021bin\u00e2nd primul s\u0103u loc pe podium \u00een aceast\u0103 iarn\u0103 \u0219i al \u0219aselea \u00een total \u00een Cupa Mondial\u0103.<\/p>\n<p data-start=\"835\" data-end=\"1058\" id=\"p-4\">Franjo Von Allmen a terminat la 0,25 secunde \u00een urm\u0103, locul trei reprezent\u00e2nd pentru el un rezultat aproape de victorie, dup\u0103 ce \u00een ultimele dou\u0103 curse de super-G, la Beaver Creek \u0219i Val Gardena, nu reu\u0219ise s\u0103 termine pe podium.<\/p>\n<p data-start=\"1060\" data-end=\"1251\" data-is-last-node data-is-only-node id=\"p-5\">Cu aceast\u0103 performan\u021b\u0103, Marco Schwarz urc\u0103 pe locul patru \u00een clasamentul super-G, cu 145 de puncte, la 130 de puncte \u00een spatele lui Odermatt, care a ratat podiumul la Livigno cu 0,04 secunde.<\/p>\n","protected":false},"excerpt":{"rendered":"<p>Austriacul Marco Schwarz a ob\u021binut s\u00e2mb\u0103t\u0103, 27 decembrie, a doua victorie \u00een Cupa Mondial\u0103 de Schi Alpin \u00een doar o s\u0103pt\u0103m\u00e2n\u0103, dup\u0103 succesul de duminic\u0103, 21 decembrie, \u00een proba de &hellip; <a href=\"https:\/\/microscopemedia.com\/?p=668471\" class=\"more-link\">Read More<\/a><\/p>\n","protected":false},"author":1,"featured_media":668472,"comment_status":"closed","ping_status":"closed","sticky":false,"template":"Default","format":"standard","meta":[],"categories":[1],"tags":[],"_links":{"self":[{"href":"https:\/\/microscopemedia.com\/index.php?rest_route=\/wp\/v2\/posts\/668471"}],"collection":[{"href":"https:\/\/microscopemedia.com\/index.php?rest_route=\/wp\/v2\/posts"}],"about":[{"href":"https:\/\/microscopemedia.com\/index.php?rest_route=\/wp\/v2\/types\/post"}],"author":[{"embeddable":true,"href":"https:\/\/microscopemedia.com\/index.php?rest_route=\/wp\/v2\/users\/1"}],"replies":[{"embeddable":true,"href":"https:\/\/microscopemedia.com\/index.php?rest_route=%2Fwp%2Fv2%2Fcomments&post=668471"}],"version-history":[{"count":0,"href":"https:\/\/microscopemedia.com\/index.php?rest_route=\/wp\/v2\/posts\/668471\/revisions"}],"wp:featuredmedia":[{"embeddable":true,"href":"https:\/\/microscopemedia.com\/index.php?rest_route=\/wp\/v2\/media\/668472"}],"wp:attachment":[{"href":"https:\/\/microscopemedia.com\/index.php?rest_route=%2Fwp%2Fv2%2Fmedia&parent=668471"}],"wp:term":[{"taxonomy":"category","embeddable":true,"href":"https:\/\/microscopemedia.com\/index.php?rest_route=%2Fwp%2Fv2%2Fcategories&post=668471"},{"taxonomy":"post_tag","embeddable":true,"href":"https:\/\/microscopemedia.com\/index.php?rest_route=%2Fwp%2Fv2%2Ftags&post=668471"}],"curies":[{"name":"wp","href":"https:\/\/api.w.org\/{rel}","templated":true}]}}