{"id":668487,"date":"2025-12-27T17:46:04","date_gmt":"2025-12-27T17:46:04","guid":{"rendered":"https:\/\/microscopemedia.com\/?p=668487"},"modified":"2025-12-27T17:46:04","modified_gmt":"2025-12-27T17:46:04","slug":"doi-copii-din-vaslui-gasiti-morti-dupa-ce-s-au-inecat-in-acumularea-tacuta","status":"publish","type":"post","link":"https:\/\/microscopemedia.com\/?p=668487","title":{"rendered":"Doi copii din Vaslui, g\u0103si\u021bi mor\u021bi dup\u0103 ce s-au \u00eenecat \u00een acumularea T\u0103cuta"},"content":{"rendered":"<div><img decoding=\"async\" src=\"https:\/\/microscopemedia.com\/wp-content\/uploads\/2025\/12\/doi-copii-din-vaslui-gasiti-morti-dupa-ce-s-au-inecat-in-acumularea-tacuta.jpg\" class=\"ff-og-image-inserted\"><\/div>\n<p data-start=\"75\" data-end=\"313\" id=\"p-0\">Doi copii, \u00een v\u00e2rst\u0103 de 12 \u0219i 14 ani, au murit dup\u0103 ce s-au \u00eenecat \u00een acumularea T\u0103cuta, din jude\u021bul Vaslui. Adolescen\u021bii, cel mai probabil fra\u021bi, f\u0103ceau parte dintr-un grup de colind\u0103tori care au traversat ghea\u021ba, iar aceasta s-a rupt.<\/p>\n<p data-start=\"315\" data-end=\"438\" id=\"p-1\">B\u0103iatul, de 12 ani \u0219i fata, de 14 ani, au fost sco\u0219i din ap\u0103 deceda\u021bi, a informat s\u00e2mb\u0103t\u0103 sear\u0103 Inspectoratul pentru Situa\u021bii de Urgen\u021b\u0103 Vaslui (ISU Vaslui).<\/p>\n<div class=\"flex flex-col text-sm pb-25\">\n<article class=\"text-token-text-primary w-full focus:outline-none [--shadow-height:45px] has-data-writing-block:pointer-events-none has-data-writing-block:-mt-(--shadow-height) has-data-writing-block:pt-(--shadow-height) [&amp;:has([data-writing-block])>*]:pointer-events-auto scroll-mt-[calc(var(&#8211;header-height)+min(200px,max(70px,20svh)))]&#8221; dir=&#8221;auto&#8221; tabindex=&#8221;-1&#8243; data-turn-id=&#8221;request-WEB:3befb840-88b6-40e6-978d-881203313cef-23&#8243; data-testid=&#8221;conversation-turn-36&#8243; data-scroll-anchor=&#8221;true&#8221; data-turn=&#8221;assistant&#8221;><\/p>\n<div class=\"text-base my-auto mx-auto pb-10 [--thread-content-margin:--spacing(4)] @w-sm\/main:[--thread-content-margin:--spacing(6)] @w-lg\/main:[--thread-content-margin:--spacing(16)] px-(--thread-content-margin)\">\n<div class=\"[--thread-content-max-width:40rem] @w-lg\/main:[--thread-content-max-width:48rem] mx-auto max-w-(--thread-content-max-width) flex-1 group\/turn-messages focus-visible:outline-hidden relative flex w-full min-w-0 flex-col agent-turn\" tabindex=\"-1\">\n<div class=\"flex max-w-full flex-col grow\">\n<div class=\"min-h-8 text-message relative flex w-full flex-col items-end gap-2 text-start break-words whitespace-normal [.text-message+&amp;]:mt-1\" dir=\"auto\" data-message-author-role=\"assistant\" data-message-id=\"fe5bd15f-c8ea-4a2a-8493-4fdd5314400c\" data-message-model-slug=\"gpt-5-mini\">\n<div class=\"flex w-full flex-col gap-1 empty:hidden first:pt-[1px]\" readability=\"15\">\n<div class=\"markdown prose dark:prose-invert w-full break-words light markdown-new-styling\" readability=\"25\">\n<p data-start=\"440\" data-end=\"735\" id=\"p-2\">Autorit\u0103\u021bile au \u00eenceput s\u00e2mb\u0103t\u0103 sear\u0103 opera\u021biuni ample de c\u0103utare \u0219i salvare.<\/p>\n<p data-start=\"440\" data-end=\"735\" id=\"p-3\">\u201eIntervine Deta\u015famentul Vaslui cu Autospeciala de c\u0103utare \u2013 salvare L200, o barc\u0103 pneumatic\u0103, TIM si EPA, precum \u015fi zece militari\u201d, a precizat Deta\u0219amentul Vaslui \u00eenainte ca cei doi copii s\u0103 fie g\u0103si\u021bi f\u0103r\u0103 via\u021b\u0103.<\/p>\n<p data-start=\"737\" data-end=\"919\" id=\"p-4\">Conform informa\u021biilor, apelul la 112 a fost f\u0103cut la ora 17:35. Autorit\u0103\u021bile locale au declarat c\u0103 cei doi copii au traversat acumularea pe ghea\u021b\u0103 \u00eempreun\u0103 cu un grup de colind\u0103tori, iar ghea\u021ba s-a rupt.<\/p>\n<p data-start=\"921\" data-end=\"1098\" data-is-last-node data-is-only-node id=\"p-5\">Tat\u0103l copiilor, cu hipotermie u\u0219oar\u0103, a fost transportat la spital de echipajul EPA.<\/p>\n<\/div>\n<\/div>\n<\/div>\n<\/div>\n<\/div>\n<\/div>\n<\/article>\n<\/div>\n","protected":false},"excerpt":{"rendered":"<p>Doi copii, \u00een v\u00e2rst\u0103 de 12 \u0219i 14 ani, au murit dup\u0103 ce s-au \u00eenecat \u00een acumularea T\u0103cuta, din jude\u021bul Vaslui. Adolescen\u021bii, cel mai probabil fra\u021bi, f\u0103ceau parte dintr-un grup &hellip; <a href=\"https:\/\/microscopemedia.com\/?p=668487\" class=\"more-link\">Read More<\/a><\/p>\n","protected":false},"author":1,"featured_media":668488,"comment_status":"closed","ping_status":"closed","sticky":false,"template":"Default","format":"standard","meta":[],"categories":[1],"tags":[],"_links":{"self":[{"href":"https:\/\/microscopemedia.com\/index.php?rest_route=\/wp\/v2\/posts\/668487"}],"collection":[{"href":"https:\/\/microscopemedia.com\/index.php?rest_route=\/wp\/v2\/posts"}],"about":[{"href":"https:\/\/microscopemedia.com\/index.php?rest_route=\/wp\/v2\/types\/post"}],"author":[{"embeddable":true,"href":"https:\/\/microscopemedia.com\/index.php?rest_route=\/wp\/v2\/users\/1"}],"replies":[{"embeddable":true,"href":"https:\/\/microscopemedia.com\/index.php?rest_route=%2Fwp%2Fv2%2Fcomments&post=668487"}],"version-history":[{"count":0,"href":"https:\/\/microscopemedia.com\/index.php?rest_route=\/wp\/v2\/posts\/668487\/revisions"}],"wp:featuredmedia":[{"embeddable":true,"href":"https:\/\/microscopemedia.com\/index.php?rest_route=\/wp\/v2\/media\/668488"}],"wp:attachment":[{"href":"https:\/\/microscopemedia.com\/index.php?rest_route=%2Fwp%2Fv2%2Fmedia&parent=668487"}],"wp:term":[{"taxonomy":"category","embeddable":true,"href":"https:\/\/microscopemedia.com\/index.php?rest_route=%2Fwp%2Fv2%2Fcategories&post=668487"},{"taxonomy":"post_tag","embeddable":true,"href":"https:\/\/microscopemedia.com\/index.php?rest_route=%2Fwp%2Fv2%2Ftags&post=668487"}],"curies":[{"name":"wp","href":"https:\/\/api.w.org\/{rel}","templated":true}]}}