{"id":668491,"date":"2025-12-27T18:16:05","date_gmt":"2025-12-27T18:16:05","guid":{"rendered":"https:\/\/microscopemedia.com\/?p=668491"},"modified":"2025-12-27T18:16:05","modified_gmt":"2025-12-27T18:16:05","slug":"mirabela-gradinaru-despre-viata-de-familie-dupa-ce-nicusor-dan-a-devenit-presedinte-a-fost-mai-greu-cu-shoppingul-in-primele-2-3-saptamani","status":"publish","type":"post","link":"https:\/\/microscopemedia.com\/?p=668491","title":{"rendered":"Mirabela Gr\u0103dinaru, despre via\u021ba de familie dup\u0103 ce Nicu\u0219or Dan a devenit pre\u0219edinte: \u201eA fost mai greu cu shoppingul \u00een primele 2-3 s\u0103pt\u0103m\u00e2ni\u201d"},"content":{"rendered":"<div><img decoding=\"async\" src=\"https:\/\/microscopemedia.com\/wp-content\/uploads\/2025\/12\/mirabela-gradinaru-despre-viata-de-familie-dupa-ce-nicusor-dan-a-devenit-presedinte-a-fost-mai-greu-cu-shoppingul-in-primele-2-3-saptamani.jpg\" class=\"ff-og-image-inserted\"><\/div>\n<p id=\"p-0\">Mirabela Gr\u0103dinaru, partenera de via\u021b\u0103 a lui Nicu\u0219or Dan, a afirmat, la Digi24,&nbsp;c\u0103 nu \u0219i-a schimbat nimic din obiceiurile de dinainte de alegerile preziden\u021biale.<\/p>\n<p id=\"p-1\">Aceasta a fost \u00eentrebat\u0103 de moderatoarea emisiunii cum reu\u0219i\u021bi s\u0103 p\u0103streze normalitatea \u00eentr-o perioad\u0103 cu o vizibilitate maxim\u0103, dup\u0103 ce Nicu\u0219or Dan a c\u00e2\u0219tigat, \u00een luna mai, alegerile preziden\u021biale.<\/p>\n<p id=\"p-2\">\u201eComport\u00e2ndu-ne normal, ca \u0219i c\u00e2nd nu s-ar fi \u00eent\u00e2mplat nimic \u00een vie\u021bile noastre. \u0218tiu c\u0103 au fost \u00een primele zile, c\u00e2nd m-am dus la birou, colegii mei m\u0103 \u00eentrebau \u00abMai vii?\u00bb Zic: Da. Am primit \u00eentreb\u0103ri \u0219i de la gr\u0103dini\u021b\u0103: Continu\u0103 s\u0103 vin\u0103 la aceea\u0219i gr\u0103dini\u021b\u0103 (despre b\u0103ie\u021belul s\u0103u, n.r.)? Da! \u0218i de la \u0219coal\u0103 (despre fiica sa, n.r.): Da! Aceea\u0219i \u0219coal\u0103, aceea\u0219i gr\u0103dini\u021b\u0103, acela\u0219i loc de munc\u0103, aceia\u0219i prieteni, \u00eent\u00e2lnirile \u00een Parcul Carol din weekend, st\u00e2nd pe iarb\u0103 sau pe banc\u0103\u201d, a fost r\u0103spunsul Mirabelei Gr\u0103dinaru \u00een cadrul emisiunii.<\/p>\n<p id=\"p-3\">Partenera de via\u021b\u0103 a pre\u0219edintelui a povestit \u0219i despre faptul c\u0103 una dintre provoc\u0103rile ap\u0103rute \u00een primele s\u0103pt\u0103m\u00e2ni de dup\u0103 victoria lui Nicu\u0219or Dan a fost legat\u0103 de mersul la cump\u0103r\u0103turi.<\/p>\n<p id=\"p-4\">\u201eA fost mai greu cu shoppingul \u00een primele 2-3 s\u0103pt\u0103m\u00e2ni, dar ulterior am ob\u021binut \u0219i acest drept de a merge la shopping, pentru ca Aheei (fiica sa \u0219i a lui Nicu\u0219or Dan \u2013 n.r.) \u00eei place foarte mult s\u0103 se plimbe, nu neap\u0103rat s\u0103 cumpere, dar s\u0103 mearg\u0103 \u0219i ea la mall, m\u0103car o jum\u0103tate de or\u0103 s\u0103 se plimbe printr-un magazin, dou\u0103\u201d, a mai spus Mirabela Gr\u0103dinaru.<\/p>\n<p id=\"p-5\">\u00cen cadrul emisiunii de la Digi24, Mirabela Gr\u0103dinaru a mai vorbit \u0219i despre via\u021ba la Vaslui, despre p\u0103rin\u021bii s\u0103i, dar \u0219i despre cum l-a cunoscut pe Nicu\u0219or Dan.<\/p>\n","protected":false},"excerpt":{"rendered":"<p>Mirabela Gr\u0103dinaru, partenera de via\u021b\u0103 a lui Nicu\u0219or Dan, a afirmat, la Digi24,&nbsp;c\u0103 nu \u0219i-a schimbat nimic din obiceiurile de dinainte de alegerile preziden\u021biale. Aceasta a fost \u00eentrebat\u0103 de moderatoarea &hellip; <a href=\"https:\/\/microscopemedia.com\/?p=668491\" class=\"more-link\">Read More<\/a><\/p>\n","protected":false},"author":1,"featured_media":668492,"comment_status":"closed","ping_status":"closed","sticky":false,"template":"Default","format":"standard","meta":[],"categories":[1],"tags":[],"_links":{"self":[{"href":"https:\/\/microscopemedia.com\/index.php?rest_route=\/wp\/v2\/posts\/668491"}],"collection":[{"href":"https:\/\/microscopemedia.com\/index.php?rest_route=\/wp\/v2\/posts"}],"about":[{"href":"https:\/\/microscopemedia.com\/index.php?rest_route=\/wp\/v2\/types\/post"}],"author":[{"embeddable":true,"href":"https:\/\/microscopemedia.com\/index.php?rest_route=\/wp\/v2\/users\/1"}],"replies":[{"embeddable":true,"href":"https:\/\/microscopemedia.com\/index.php?rest_route=%2Fwp%2Fv2%2Fcomments&post=668491"}],"version-history":[{"count":0,"href":"https:\/\/microscopemedia.com\/index.php?rest_route=\/wp\/v2\/posts\/668491\/revisions"}],"wp:featuredmedia":[{"embeddable":true,"href":"https:\/\/microscopemedia.com\/index.php?rest_route=\/wp\/v2\/media\/668492"}],"wp:attachment":[{"href":"https:\/\/microscopemedia.com\/index.php?rest_route=%2Fwp%2Fv2%2Fmedia&parent=668491"}],"wp:term":[{"taxonomy":"category","embeddable":true,"href":"https:\/\/microscopemedia.com\/index.php?rest_route=%2Fwp%2Fv2%2Fcategories&post=668491"},{"taxonomy":"post_tag","embeddable":true,"href":"https:\/\/microscopemedia.com\/index.php?rest_route=%2Fwp%2Fv2%2Ftags&post=668491"}],"curies":[{"name":"wp","href":"https:\/\/api.w.org\/{rel}","templated":true}]}}