{"id":668495,"date":"2025-12-27T18:46:04","date_gmt":"2025-12-27T18:46:04","guid":{"rendered":"https:\/\/microscopemedia.com\/?p=668495"},"modified":"2025-12-27T18:46:04","modified_gmt":"2025-12-27T18:46:04","slug":"marea-britanie-anunta-un-program-militar-platit-de-un-an-in-randul-tinerilor-programul-in-vigoare-din-martie-2026","status":"publish","type":"post","link":"https:\/\/microscopemedia.com\/?p=668495","title":{"rendered":"Marea Britanie anun\u021b\u0103 un program militar pl\u0103tit de un an \u00een r\u00e2ndul tinerilor. Programul, \u00een vigoare din martie 2026"},"content":{"rendered":"<div><img decoding=\"async\" src=\"https:\/\/microscopemedia.com\/wp-content\/uploads\/2025\/12\/marea-britanie-anunta-un-program-militar-platit-de-un-an-in-randul-tinerilor-programul-in-vigoare-din-martie-2026.jpg\" class=\"ff-og-image-inserted\"><\/div>\n<p id=\"p-0\">Marea Britanie va lansa, \u00een martie 2026, un program ce le va permite tinerilor care au sub 25 de ani s\u0103 urmeze o preg\u0103tire remunerat\u0103 timp de un an, a anun\u0163at s\u00e2mb\u0103t\u0103 Ministerul britanic al Ap\u0103r\u0103rii. Vestea vine \u00een contextul \u00een care autorit\u0103\u021bile fac eforturi de a stimula recrutarea \u0219i de a reconecta tinerii cu domeniul ap\u0103r\u0103rii, scrie AFP.<\/p>\n<p id=\"p-1\">Programul pilot ini\u021bial va viza aproximativ 150 de tineri care au sub 25 de ani, \u00eens\u0103 Guvernul sper\u0103 s\u0103 extind\u0103 \u201e\u00een cele din urm\u0103\u201d acest program pentru a oferi peste o mie de locuri, \u201e\u00een func\u021bie de interes\u201d.<\/p>\n<h2 id=\"chapter-0\">Tinerii vor decide la finalul programului dac\u0103 vor r\u0103m\u00e2ne sau nu \u00een armat\u0103<\/h2>\n<p id=\"p-2\">La finalul acestui program, tinerii sunt cei care vor decide dac\u0103 r\u0103m\u00e2n sau nu \u00een cadrul armatei.<\/p>\n<p id=\"p-3\">\u201eAcest program de an sabatic le va oferi tinerilor britanici ocazia de a descoperi abilit\u0103\u021bile \u0219i preg\u0103tirea incredibile oferite de armat\u0103, Marina Regal\u0103 \u0219i RAF (for\u021bele aeriene). Face parte din determinarea noastr\u0103 de a reconecta societatea cu for\u021bele noastre armate \u0219i de a promova o abordare a ap\u0103r\u0103rii na\u021bionale care s\u0103 implice \u00eentreaga societate\u201d, a declarat John Healey, secretarul britanic al ap\u0103r\u0103rii, potrivit sursei citate.<\/p>\n<p id=\"p-4\">Momentan, guvernul nu a oferit informa\u021bii despre cuantumul salariului oferit recru\u021bilor sau modul \u00een care vor fi g\u0103site fondurile necesare pentru a-l finan\u021ba. Totu\u0219i, un purt\u0103tor de cuv\u00e2nt al guvernului a declarat pentru AFP c\u0103 detalii suplimentare despre program vor fi furnizate \u201ela momentul oportun\u201d.<\/p>\n<p id=\"p-5\">Anun\u021bul vine \u00een contextul \u00een care la \u00eenceputul acestei luni, <span><a href=\"https:\/\/www.mediafax.ro\/stirile-zilei\/seful-armatei-britanice-fiii-si-fiicele-marii-britanii-trebuie-sa-fie-pregatiti-sa-lupte-23658744\">noul \u0219ef al for\u021belor armate britanice<\/a><\/span>, Richard Knighton, a lansat un apel ca \u201efiii \u0219i fiicele\u201d \u021b\u0103rii s\u0103 fie \u201epreg\u0103ti\u021bi s\u0103 lupte\u201d \u00een fa\u021ba amenin\u021b\u0103rilor cresc\u00e2nde, inclusiv din partea Rusiei.<\/p>\n<p id=\"p-6\">&nbsp;<\/p>\n","protected":false},"excerpt":{"rendered":"<p>Marea Britanie va lansa, \u00een martie 2026, un program ce le va permite tinerilor care au sub 25 de ani s\u0103 urmeze o preg\u0103tire remunerat\u0103 timp de un an, a &hellip; <a href=\"https:\/\/microscopemedia.com\/?p=668495\" class=\"more-link\">Read More<\/a><\/p>\n","protected":false},"author":1,"featured_media":668496,"comment_status":"closed","ping_status":"closed","sticky":false,"template":"Default","format":"standard","meta":[],"categories":[1],"tags":[],"_links":{"self":[{"href":"https:\/\/microscopemedia.com\/index.php?rest_route=\/wp\/v2\/posts\/668495"}],"collection":[{"href":"https:\/\/microscopemedia.com\/index.php?rest_route=\/wp\/v2\/posts"}],"about":[{"href":"https:\/\/microscopemedia.com\/index.php?rest_route=\/wp\/v2\/types\/post"}],"author":[{"embeddable":true,"href":"https:\/\/microscopemedia.com\/index.php?rest_route=\/wp\/v2\/users\/1"}],"replies":[{"embeddable":true,"href":"https:\/\/microscopemedia.com\/index.php?rest_route=%2Fwp%2Fv2%2Fcomments&post=668495"}],"version-history":[{"count":0,"href":"https:\/\/microscopemedia.com\/index.php?rest_route=\/wp\/v2\/posts\/668495\/revisions"}],"wp:featuredmedia":[{"embeddable":true,"href":"https:\/\/microscopemedia.com\/index.php?rest_route=\/wp\/v2\/media\/668496"}],"wp:attachment":[{"href":"https:\/\/microscopemedia.com\/index.php?rest_route=%2Fwp%2Fv2%2Fmedia&parent=668495"}],"wp:term":[{"taxonomy":"category","embeddable":true,"href":"https:\/\/microscopemedia.com\/index.php?rest_route=%2Fwp%2Fv2%2Fcategories&post=668495"},{"taxonomy":"post_tag","embeddable":true,"href":"https:\/\/microscopemedia.com\/index.php?rest_route=%2Fwp%2Fv2%2Ftags&post=668495"}],"curies":[{"name":"wp","href":"https:\/\/api.w.org\/{rel}","templated":true}]}}