{"id":668503,"date":"2025-12-27T20:06:04","date_gmt":"2025-12-27T20:06:04","guid":{"rendered":"https:\/\/microscopemedia.com\/?p=668503"},"modified":"2025-12-27T20:06:04","modified_gmt":"2025-12-27T20:06:04","slug":"mirabela-gradinaru-despre-nicusor-dan-m-a-atras-foarte-mult-parul-lui-cret-el-avea-un-par-mai-lung-atunci","status":"publish","type":"post","link":"https:\/\/microscopemedia.com\/?p=668503","title":{"rendered":"Mirabela Gr\u0103dinaru despre Nicu\u0219or Dan: \u201eM-a atras foarte mult p\u0103rul lui cre\u021b, el avea un p\u0103r mai lung atunci\u201d"},"content":{"rendered":"<div><img decoding=\"async\" src=\"https:\/\/microscopemedia.com\/wp-content\/uploads\/2025\/12\/mirabela-gradinaru-despre-nicusor-dan-m-a-atras-foarte-mult-parul-lui-cret-el-avea-un-par-mai-lung-atunci.jpg\" class=\"ff-og-image-inserted\"><\/div>\n<p data-start=\"130\" data-end=\"368\" id=\"p-0\">Mirabela Gr\u0103dinaru, partenera pre\u0219edintelui Rom\u00e2niei, Nicu\u0219or Dan, a vorbit s\u00e2mb\u0103t\u0103 seara, la Digi24, despre \u00eenceputul rela\u021biei lor \u0219i despre prima impresie pe care i-a l\u0103sat-o actualul pre\u0219edinte, atunci c\u00e2nd s-au cunoscut.<\/p>\n<p data-start=\"370\" data-end=\"648\" id=\"p-1\">\u00centrebat\u0103 ce a atras-o prima dat\u0103 la Nicu\u0219or Dan, Mirabela Gr\u0103dinaru a povestit c\u0103 \u00eent\u00e2lnirea a avut loc \u00eentr-un club, \u00eentr-o perioad\u0103 \u00een care \u00eenc\u0103 se fuma \u00een spa\u021biile publice. Prima doamn\u0103 a spus c\u0103, \u00een ciuda aglomera\u021biei, Nicu\u0219or Dan se remarca prin calm \u0219i naturale\u021be.<\/p>\n<p data-start=\"650\" data-end=\"1052\" id=\"p-2\">\u201eM-a atras felul lui de a fi, de a privi \u0219i de a se raporta la oameni. Era foarte relaxat \u0219i avea o privire foarte cald\u0103. Era atent la cei din jur \u0219i mi-a acordat \u0219i mie o aten\u021bie deosebit\u0103. Recunosc c\u0103 m-a atras foarte mult \u0219i p\u0103rul lui cre\u021b, el avea un p\u0103r mai lung atunci c\u00e2nd l-am \u00eent\u00e2lnit \u0219i mi s-a p\u0103rut fascinant.\u201d, a declarat Mirabela Gr\u0103dinaru.<\/p>\n<p data-start=\"1054\" data-end=\"1259\" id=\"p-3\">Discu\u021bia a ajuns \u0219i la momentul \u00een care pre\u0219edintele Nicu\u0219or Dan i-a cunoscut p\u0103rin\u021bii partenerei sale de via\u021b\u0103. \u00centrebat\u0103 dac\u0103 a fost apreciat din prima de familie, Mirabela Gr\u0103dinaru a povestit c\u0103 tat\u0103l ei a avut cea mai clar\u0103 opinie.<\/p>\n<p data-start=\"1261\" data-end=\"1542\" id=\"p-4\">\u201eNu \u0219tiu dac\u0103 mama, dar tata cu siguran\u021b\u0103 da. \u00cemi amintesc c\u0103 prima dat\u0103 c\u00e2nd l-am dus la Vaslui \u0219i mi-a cunoscut p\u0103rin\u021bii, dup\u0103 aceea am r\u0103mas pu\u021bin cu tata \u00eenainte s\u0103 plec\u0103m. Mi-a spus doar at\u00e2t, s\u0103 \u0219tii c\u0103 e un b\u0103iat bun. \u0218i a fost suficient\u201d, a relatat Mirabela.<\/p>\n","protected":false},"excerpt":{"rendered":"<p>Mirabela Gr\u0103dinaru, partenera pre\u0219edintelui Rom\u00e2niei, Nicu\u0219or Dan, a vorbit s\u00e2mb\u0103t\u0103 seara, la Digi24, despre \u00eenceputul rela\u021biei lor \u0219i despre prima impresie pe care i-a l\u0103sat-o actualul pre\u0219edinte, atunci c\u00e2nd s-au &hellip; <a href=\"https:\/\/microscopemedia.com\/?p=668503\" class=\"more-link\">Read More<\/a><\/p>\n","protected":false},"author":1,"featured_media":668504,"comment_status":"closed","ping_status":"closed","sticky":false,"template":"Default","format":"standard","meta":[],"categories":[1],"tags":[],"_links":{"self":[{"href":"https:\/\/microscopemedia.com\/index.php?rest_route=\/wp\/v2\/posts\/668503"}],"collection":[{"href":"https:\/\/microscopemedia.com\/index.php?rest_route=\/wp\/v2\/posts"}],"about":[{"href":"https:\/\/microscopemedia.com\/index.php?rest_route=\/wp\/v2\/types\/post"}],"author":[{"embeddable":true,"href":"https:\/\/microscopemedia.com\/index.php?rest_route=\/wp\/v2\/users\/1"}],"replies":[{"embeddable":true,"href":"https:\/\/microscopemedia.com\/index.php?rest_route=%2Fwp%2Fv2%2Fcomments&post=668503"}],"version-history":[{"count":0,"href":"https:\/\/microscopemedia.com\/index.php?rest_route=\/wp\/v2\/posts\/668503\/revisions"}],"wp:featuredmedia":[{"embeddable":true,"href":"https:\/\/microscopemedia.com\/index.php?rest_route=\/wp\/v2\/media\/668504"}],"wp:attachment":[{"href":"https:\/\/microscopemedia.com\/index.php?rest_route=%2Fwp%2Fv2%2Fmedia&parent=668503"}],"wp:term":[{"taxonomy":"category","embeddable":true,"href":"https:\/\/microscopemedia.com\/index.php?rest_route=%2Fwp%2Fv2%2Fcategories&post=668503"},{"taxonomy":"post_tag","embeddable":true,"href":"https:\/\/microscopemedia.com\/index.php?rest_route=%2Fwp%2Fv2%2Ftags&post=668503"}],"curies":[{"name":"wp","href":"https:\/\/api.w.org\/{rel}","templated":true}]}}