{"id":668505,"date":"2025-12-27T20:26:04","date_gmt":"2025-12-27T20:26:04","guid":{"rendered":"https:\/\/microscopemedia.com\/?p=668505"},"modified":"2025-12-27T20:26:04","modified_gmt":"2025-12-27T20:26:04","slug":"cel-mai-frumos-moment-din-viata-mirabelei-aheea-a-ridicat-mana-dupa-o-jucarie-amandoi-am-inceput-sa-plangem-partenera-presedintelui-a-izbucnit-in-lacrimi","status":"publish","type":"post","link":"https:\/\/microscopemedia.com\/?p=668505","title":{"rendered":"Cel mai frumos moment din via\u021ba Mirabelei: \u201eAheea a ridicat m\u00e2na dup\u0103 o juc\u0103rie. Am\u00e2ndoi am \u00eenceput s\u0103 pl\u00e2ngem\u201d. Partenera pre\u0219edintelui a izbucnit in lacrimi"},"content":{"rendered":"<div><img decoding=\"async\" src=\"https:\/\/microscopemedia.com\/wp-content\/uploads\/2025\/12\/cel-mai-frumos-moment-din-viata-mirabelei-aheea-a-ridicat-mana-dupa-o-jucarie-amandoi-am-inceput-sa-plangem-partenera-presedintelui-a-izbucnit-in-lacrimi.jpg\" class=\"ff-og-image-inserted\"><\/div>\n<p data-start=\"126\" data-end=\"443\" id=\"p-0\">Mirabela Gr\u0103dinaru, partenera pre\u0219edintelui Nicu\u0219or Dan, a vorbit s\u00e2mb\u0103t\u0103 seara, la Digi24, despre cele mai frumoase \u0219i cele mai grele momente din via\u021ba sa, \u00eentr-o confesiune sincer\u0103.<\/p>\n<p data-start=\"126\" data-end=\"443\" id=\"p-1\">Prima doamn\u0103 a vorbit at\u00e2t despre bucuriile care i-au marcat existen\u021ba, c\u00e2t \u0219i despre clipele de suferin\u021b\u0103 care au l\u0103sat urme ad\u00e2nci.<\/p>\n<p data-start=\"445\" data-end=\"745\" id=\"p-2\">Cel mai frumos moment, spune Mirabela Gr\u0103dinaru, a fost f\u0103r\u0103 \u00eendoial\u0103 na\u0219terea copiilor. Totu\u0219i, unul dintre cele mai emo\u021bionante episoade a venit la scurt timp dup\u0103 na\u0219terea fiicei sale, Aheea, care a venit pe lume prematur.<\/p>\n<p data-start=\"747\" data-end=\"1003\" id=\"p-3\">\u201eBine\u00een\u021beles, na\u0219terea copiilor a fost cel mai frumos moment. Dar a existat \u0219i un altul, extrem de emo\u021bionant: c\u00e2nd Aheea a ridicat m\u00e2na dup\u0103 o juc\u0103rie. \u021ain minte c\u0103 eram \u00eempreun\u0103 cu Nicu\u0219or \u0219i am \u00eenceput am\u00e2ndoi s\u0103 pl\u00e2ngem\u201d, a povestit Mirabela Gr\u0103dinaru.<\/p>\n<p data-start=\"1005\" data-end=\"1278\" id=\"p-4\">Ea a explicat c\u0103 acele lacrimi nu au fost doar de emo\u021bie, ci \u0219i de recuno\u0219tin\u021b\u0103, dup\u0103 o perioad\u0103 dificil\u0103, plin\u0103 de team\u0103 \u0219i speran\u021b\u0103.<\/p>\n<p data-start=\"1005\" data-end=\"1278\" id=\"p-5\">\u201eO urm\u0103ream \u00een fiecare gest, \u00een fiecare evolu\u021bie, \u00eencerc\u00e2nd s\u0103 nu rat\u0103m nimic. Au fost lacrimi de bucurie. \u0218i de recuno\u0219tin\u021b\u0103\u201d, a spus prima doamn\u0103.<\/p>\n<p data-start=\"1280\" data-end=\"1686\" id=\"p-6\">\u00cen contrast, cel mai greu moment din via\u021ba sa a fost legat de pierderea tat\u0103lui. Mirabela Gr\u0103dinaru a m\u0103rturisit c\u0103 nimic nu s-a comparat cu neputin\u021ba tr\u0103it\u0103 atunci c\u00e2nd a ajuns \u00eentr-un spital din Vaslui \u0219i l-a g\u0103sit pe tat\u0103l s\u0103u \u00een com\u0103.<\/p>\n<p data-start=\"1280\" data-end=\"1686\" id=\"p-7\">\u201eCel mai dur a fost momentul \u00een care am ajuns \u00eentr-un spital din Vaslui \u0219i tat\u0103l meu era \u00een com\u0103 \u0219i n-am putut s\u0103 fac absolut nimic pentru a-l salva\u201d, a spus ea.<\/p>\n<p data-start=\"1688\" data-end=\"1962\" id=\"p-8\">Invitat\u0103 s\u0103 vorbeasc\u0103 despre o amintire drag\u0103 al\u0103turi de tat\u0103l s\u0103u, Mirabela Gr\u0103dinaru a rememorat un moment plin de semnifica\u021bie, petrecut dup\u0103 terminarea facult\u0103\u021bii. Prima doamn\u0103 \u0219i-a invitat p\u0103rin\u021bii la Bucure\u0219ti, unde locuia \u00eentr-o mansard\u0103 din apropierea Parcului Carol.<\/p>\n<p data-start=\"1688\" data-end=\"1962\" id=\"p-9\">\u201eDup\u0103 ce am terminat facultatea, i-am invitat pe p\u0103rin\u021bii mei \u00een Bucure\u0219ti. St\u0103team \u00eentr-o mansard\u0103 de l\u00e2ng\u0103 Parcul Carol. Au venit \u0219i au petrecut c\u00e2teva zile cu mine. Pe tata l-am dus la Facultatea de Construc\u021bii, acolo unde terminase studiile. Am m\u00e2ncat \u00eempreun\u0103 la o cantin\u0103 din zon\u0103 \u0219i mi-au dep\u0103nat amintiri\u201d, a povestit ea.<\/p>\n","protected":false},"excerpt":{"rendered":"<p>Mirabela Gr\u0103dinaru, partenera pre\u0219edintelui Nicu\u0219or Dan, a vorbit s\u00e2mb\u0103t\u0103 seara, la Digi24, despre cele mai frumoase \u0219i cele mai grele momente din via\u021ba sa, \u00eentr-o confesiune sincer\u0103. Prima doamn\u0103 a &hellip; <a href=\"https:\/\/microscopemedia.com\/?p=668505\" class=\"more-link\">Read More<\/a><\/p>\n","protected":false},"author":1,"featured_media":668506,"comment_status":"closed","ping_status":"closed","sticky":false,"template":"Default","format":"standard","meta":[],"categories":[1],"tags":[],"_links":{"self":[{"href":"https:\/\/microscopemedia.com\/index.php?rest_route=\/wp\/v2\/posts\/668505"}],"collection":[{"href":"https:\/\/microscopemedia.com\/index.php?rest_route=\/wp\/v2\/posts"}],"about":[{"href":"https:\/\/microscopemedia.com\/index.php?rest_route=\/wp\/v2\/types\/post"}],"author":[{"embeddable":true,"href":"https:\/\/microscopemedia.com\/index.php?rest_route=\/wp\/v2\/users\/1"}],"replies":[{"embeddable":true,"href":"https:\/\/microscopemedia.com\/index.php?rest_route=%2Fwp%2Fv2%2Fcomments&post=668505"}],"version-history":[{"count":0,"href":"https:\/\/microscopemedia.com\/index.php?rest_route=\/wp\/v2\/posts\/668505\/revisions"}],"wp:featuredmedia":[{"embeddable":true,"href":"https:\/\/microscopemedia.com\/index.php?rest_route=\/wp\/v2\/media\/668506"}],"wp:attachment":[{"href":"https:\/\/microscopemedia.com\/index.php?rest_route=%2Fwp%2Fv2%2Fmedia&parent=668505"}],"wp:term":[{"taxonomy":"category","embeddable":true,"href":"https:\/\/microscopemedia.com\/index.php?rest_route=%2Fwp%2Fv2%2Fcategories&post=668505"},{"taxonomy":"post_tag","embeddable":true,"href":"https:\/\/microscopemedia.com\/index.php?rest_route=%2Fwp%2Fv2%2Ftags&post=668505"}],"curies":[{"name":"wp","href":"https:\/\/api.w.org\/{rel}","templated":true}]}}