{"id":668519,"date":"2025-12-27T22:36:03","date_gmt":"2025-12-27T22:36:03","guid":{"rendered":"https:\/\/microscopemedia.com\/?p=668519"},"modified":"2025-12-27T22:36:03","modified_gmt":"2025-12-27T22:36:03","slug":"fostul-presedinte-al-braziliei-jair-bolsonaro-va-fi-operat-pentru-sughit-cronic","status":"publish","type":"post","link":"https:\/\/microscopemedia.com\/?p=668519","title":{"rendered":"Fostul pre\u0219edinte al Braziliei, Jair Bolsonaro, va fi operat pentru sughi\u021b cronic"},"content":{"rendered":"<div><img decoding=\"async\" src=\"https:\/\/microscopemedia.com\/wp-content\/uploads\/2025\/12\/fostul-presedinte-al-braziliei-jair-bolsonaro-va-fi-operat-pentru-sughit-cronic.webp\" class=\"ff-og-image-inserted\"><\/div>\n<p id=\"p-0\"><span>\u201eIubirea mea tocmai a intrat \u00een sala de opera\u021bie pentru a suferi un blocaj al nervului frenic. Sunt deja nou\u0103 luni de lupt\u0103 \u0219i angoas\u0103, cu crize de sughi\u021b zilnice\u201d, a transmis, s\u00e2mb\u0103t\u0103, so\u021bia fostului \u0219ef de stat, printr-un mesaj publicat pe re\u021belele de socializare.&nbsp;<\/span><\/p>\n<p id=\"p-1\"><span>\u00cen urma evalu\u0103rilor medicale, s-a decis efectuarea unei proceduri suplimentare menite s\u0103 amelioreze crizele de sughi\u021b, fiind vorba despre blocajul nervului frenic, nerv care controleaz\u0103 diafragma.&nbsp;<\/span><\/p>\n<p id=\"p-2\"><span>Medicul Brasil Caiado, responsabil de fostul pre\u0219edinte, a transmis: \u201eSughi\u021bul este un simptom care \u00eel \u00eengrijoreaz\u0103 foarte mult, deoarece \u00eel obose\u0219te enorm \u0219i \u00eei perturb\u0103 somnul\u201d.&nbsp;<\/span><\/p>\n<p id=\"p-3\"><span>Fostul pre\u0219edinte sufer\u0103 urm\u0103rile unui atac cu cu\u021bitul din 2018. \u00cen timpul unui eveniment electoral, Bolsonaro a fost r\u0103nit la abdomen. Ca urmare a r\u0103nilor, acesta a suferit mai multe interven\u021bii chirurgicale majore.&nbsp;<\/span><\/p>\n<p id=\"p-4\"><span>De miercuri, Bolsonaro a fost internat \u00een spital. Acesta a suferit \u0219i o interven\u021bie pentru <span><a href=\"https:\/\/www.mediafax.ro\/externe\/fostul-presedinte-brazilian-jair-bolsonaro-a-fost-operat-pentru-o-hernie-inghinala-23663438\">hernie inghinal\u0103<\/a><\/span>, opera\u021bie care&nbsp; s-a desf\u0103\u0219urat f\u0103r\u0103 complica\u021bii.&nbsp;<\/span><\/p>\n<p id=\"p-5\"><span>Procedurile medicale au fost autorizate de un judec\u0103tor federal, \u00eentruc\u00e2t, \u00eencep\u00e2nd cu luna noiembrie, fostul pre\u0219edinte brazilian isp\u0103\u0219e\u0219te o pedeaps\u0103 de 27 de ani de \u00eenchisoare pentru tentativ\u0103 de lovitur\u0103 de stat dup\u0103 ce a pierdut alegerile preziden\u021biale din 2022.&nbsp;<\/span><\/p>\n<p id=\"p-6\">&nbsp;<\/p>\n","protected":false},"excerpt":{"rendered":"<p>\u201eIubirea mea tocmai a intrat \u00een sala de opera\u021bie pentru a suferi un blocaj al nervului frenic. Sunt deja nou\u0103 luni de lupt\u0103 \u0219i angoas\u0103, cu crize de sughi\u021b zilnice\u201d, &hellip; <a href=\"https:\/\/microscopemedia.com\/?p=668519\" class=\"more-link\">Read More<\/a><\/p>\n","protected":false},"author":1,"featured_media":668520,"comment_status":"closed","ping_status":"closed","sticky":false,"template":"Default","format":"standard","meta":[],"categories":[1],"tags":[],"_links":{"self":[{"href":"https:\/\/microscopemedia.com\/index.php?rest_route=\/wp\/v2\/posts\/668519"}],"collection":[{"href":"https:\/\/microscopemedia.com\/index.php?rest_route=\/wp\/v2\/posts"}],"about":[{"href":"https:\/\/microscopemedia.com\/index.php?rest_route=\/wp\/v2\/types\/post"}],"author":[{"embeddable":true,"href":"https:\/\/microscopemedia.com\/index.php?rest_route=\/wp\/v2\/users\/1"}],"replies":[{"embeddable":true,"href":"https:\/\/microscopemedia.com\/index.php?rest_route=%2Fwp%2Fv2%2Fcomments&post=668519"}],"version-history":[{"count":0,"href":"https:\/\/microscopemedia.com\/index.php?rest_route=\/wp\/v2\/posts\/668519\/revisions"}],"wp:featuredmedia":[{"embeddable":true,"href":"https:\/\/microscopemedia.com\/index.php?rest_route=\/wp\/v2\/media\/668520"}],"wp:attachment":[{"href":"https:\/\/microscopemedia.com\/index.php?rest_route=%2Fwp%2Fv2%2Fmedia&parent=668519"}],"wp:term":[{"taxonomy":"category","embeddable":true,"href":"https:\/\/microscopemedia.com\/index.php?rest_route=%2Fwp%2Fv2%2Fcategories&post=668519"},{"taxonomy":"post_tag","embeddable":true,"href":"https:\/\/microscopemedia.com\/index.php?rest_route=%2Fwp%2Fv2%2Ftags&post=668519"}],"curies":[{"name":"wp","href":"https:\/\/api.w.org\/{rel}","templated":true}]}}