{"id":668525,"date":"2025-12-28T00:36:04","date_gmt":"2025-12-28T00:36:04","guid":{"rendered":"https:\/\/microscopemedia.com\/?p=668525"},"modified":"2025-12-28T00:36:04","modified_gmt":"2025-12-28T00:36:04","slug":"un-stat-african-declara-mobilizare-generala-impotriva-gruparilor-jihadiste","status":"publish","type":"post","link":"https:\/\/microscopemedia.com\/?p=668525","title":{"rendered":"Un stat african declar\u0103 \u201emobilizare general\u0103\u201d \u00eempotriva grup\u0103rilor jihadiste"},"content":{"rendered":"<div><img decoding=\"async\" src=\"https:\/\/microscopemedia.com\/wp-content\/uploads\/2025\/12\/un-stat-african-declara-mobilizare-generala-impotriva-gruparilor-jihadiste.jpg\" class=\"ff-og-image-inserted\"><\/div>\n<p id=\"p-0\"><span>Potrivit unui comunicat v\u0103zut de AFP, conducerea militar\u0103 a Nigerului a adoptat un proiect&nbsp; care prevede mobilizarea general\u0103 pentru ap\u0103rare. M\u0103sura permite autorit\u0103\u021bilor s\u0103 rechizi\u021bioneze persoane \u0219i bunuri \u00een vederea intereselor de securitate.&nbsp;<\/span><\/p>\n<p id=\"p-1\"><span>\u201eFiecare cet\u0103\u021bean are obliga\u021bia de a r\u0103spunde imediat ordinului de chemare, de a se supune f\u0103r\u0103 \u00eent\u00e2rziere m\u0103surilor de ap\u0103rare a patriei \u0219i de a se supune rechizi\u021biei\u201d, se mai arat\u0103 \u00een sursa citat\u0103.&nbsp;<\/span><\/p>\n<p id=\"p-2\"><span>Potrivit autorit\u0103\u021bilor, m\u0103surile luate sunt motivate de necesitate men\u021binerii integrit\u0103\u021bii teritoriale \u0219i pentru protejarea securit\u0103\u021bii popula\u021biei.&nbsp;&nbsp;<\/span><\/p>\n<p id=\"p-3\"><span>Nigerul se confrunt\u0103 de aproximativ zece ani cu atacuri ale grup\u0103rilor jihadiste afiliate re\u021belei Al-Qaida \u0219i Statului Islamic.&nbsp;<\/span><\/p>\n<p id=\"p-4\"><span>\u00cen 2023, dup\u0103 instalarea juntei militare, trupele str\u0103ine, din Statele Unite \u0219i Fran\u021ba, implicate \u00een opera\u021biuni anti jihadiste au fost expulzate din \u021bar\u0103.&nbsp;<\/span><\/p>\n<p id=\"p-5\"><span>Al\u0103turi de Mali \u0219i Burkina Faso, Nigerul face parte din Alian\u021ba Statelor din Sahel, care a lansat o for\u021b\u0103 comun\u0103 de aproximativ 5.000 de militari pentru combaterea jihadismului, \u00eentruc\u00e2t \u0219i celelalte state se confrunt\u0103 cu probleme asem\u0103n\u0103toare.&nbsp;<\/span><\/p>\n<p id=\"p-6\">&nbsp;<\/p>\n","protected":false},"excerpt":{"rendered":"<p>Potrivit unui comunicat v\u0103zut de AFP, conducerea militar\u0103 a Nigerului a adoptat un proiect&nbsp; care prevede mobilizarea general\u0103 pentru ap\u0103rare. M\u0103sura permite autorit\u0103\u021bilor s\u0103 rechizi\u021bioneze persoane \u0219i bunuri \u00een vederea &hellip; <a href=\"https:\/\/microscopemedia.com\/?p=668525\" class=\"more-link\">Read More<\/a><\/p>\n","protected":false},"author":1,"featured_media":668526,"comment_status":"closed","ping_status":"closed","sticky":false,"template":"Default","format":"standard","meta":[],"categories":[1],"tags":[],"_links":{"self":[{"href":"https:\/\/microscopemedia.com\/index.php?rest_route=\/wp\/v2\/posts\/668525"}],"collection":[{"href":"https:\/\/microscopemedia.com\/index.php?rest_route=\/wp\/v2\/posts"}],"about":[{"href":"https:\/\/microscopemedia.com\/index.php?rest_route=\/wp\/v2\/types\/post"}],"author":[{"embeddable":true,"href":"https:\/\/microscopemedia.com\/index.php?rest_route=\/wp\/v2\/users\/1"}],"replies":[{"embeddable":true,"href":"https:\/\/microscopemedia.com\/index.php?rest_route=%2Fwp%2Fv2%2Fcomments&post=668525"}],"version-history":[{"count":0,"href":"https:\/\/microscopemedia.com\/index.php?rest_route=\/wp\/v2\/posts\/668525\/revisions"}],"wp:featuredmedia":[{"embeddable":true,"href":"https:\/\/microscopemedia.com\/index.php?rest_route=\/wp\/v2\/media\/668526"}],"wp:attachment":[{"href":"https:\/\/microscopemedia.com\/index.php?rest_route=%2Fwp%2Fv2%2Fmedia&parent=668525"}],"wp:term":[{"taxonomy":"category","embeddable":true,"href":"https:\/\/microscopemedia.com\/index.php?rest_route=%2Fwp%2Fv2%2Fcategories&post=668525"},{"taxonomy":"post_tag","embeddable":true,"href":"https:\/\/microscopemedia.com\/index.php?rest_route=%2Fwp%2Fv2%2Ftags&post=668525"}],"curies":[{"name":"wp","href":"https:\/\/api.w.org\/{rel}","templated":true}]}}