{"id":668529,"date":"2025-12-28T01:46:04","date_gmt":"2025-12-28T01:46:04","guid":{"rendered":"https:\/\/microscopemedia.com\/?p=668529"},"modified":"2025-12-28T01:46:04","modified_gmt":"2025-12-28T01:46:04","slug":"australia-un-barbat-a-fost-pus-sub-acuzare-dupa-ce-a-afisat-simboluri-naziste-in-public","status":"publish","type":"post","link":"https:\/\/microscopemedia.com\/?p=668529","title":{"rendered":"Australia: Un b\u0103rbat a fost pus sub acuzare dup\u0103 ce a afi\u0219at simboluri naziste \u00een public"},"content":{"rendered":"<div><img decoding=\"async\" src=\"https:\/\/microscopemedia.com\/wp-content\/uploads\/2025\/12\/australia-un-barbat-a-fost-pus-sub-acuzare-dupa-ce-a-afisat-simboluri-naziste-in-public.jpg\" class=\"ff-og-image-inserted\"><\/div>\n<p id=\"p-0\"><span>\u201eA fost dus la sec\u021bia de poli\u021bie \u0219i acuzat de afi\u0219are public\u0103, cu bun\u0103 \u0219tiin\u021b\u0103, a unui simbol nazist, f\u0103r\u0103 nicio scuz\u0103, \u0219i de provocarea expunerii unui simbol nazist interzis \u00eentr-un loc public\u201d, se arat\u0103 \u00een comunicatul emis s\u00e2mb\u0103t\u0103 de autorit\u0103\u021bile australiene.&nbsp;<\/span><\/p>\n<p id=\"p-1\"><span>Incidentul a avut loc miercuri, pe 24 decembrie,&nbsp; pe o plaj\u0103 din Newcastle din New South Wales. Potrivit unui martor la fa\u021ba locului, b\u0103rbatul purta tatuaje asociate cu ideologia suprema\u021biei albe, inclusiv simboluri ale SS-ului nazist. Potrivit observatorului, b\u0103rbatul vorbea zgomotos \u0219i afi\u0219a \u00een mod ostentativ tatuajele de pe picior.<\/span><\/p>\n<p id=\"p-2\"><span>Acesta a fotografiat tatuajele \u0219i a anun\u021bat autorit\u0103\u021bile despre incident. \u201eCu to\u021bii trebuie s\u0103 fim cei mai buni australieni care putem fi \u00een acest moment, s\u0103 d\u0103m dovad\u0103 de solidaritate \u0219i unitate \u0219i s\u0103 tax\u0103m rasismul \u0219i fascismul ori de c\u00e2te ori le \u00eent\u00e2lnim\u201d, a transmis acesta.&nbsp;<\/span><\/p>\n<p id=\"p-3\"><span>B\u0103rbatul a fost eliberat pe cau\u021biune \u0219i urmeaz\u0103 s\u0103 se prezinte \u00een fa\u021ba Tribunalului Local din Newcastle la data de 22 ianuarie 2026.<\/span><\/p>\n<p id=\"p-4\"><span>Guvernul australian a anun\u021bat \u00een\u0103sprirea legisla\u021biei privind incitarea la ur\u0103, pe fondul atacului de la plaja Bondi care a vizat un eveniment de Hanukkah. \u00cen urma atacului, 15 persoane au murit \u0219i alte 20 au fost r\u0103nite.&nbsp;&nbsp;<\/span><\/p>\n","protected":false},"excerpt":{"rendered":"<p>\u201eA fost dus la sec\u021bia de poli\u021bie \u0219i acuzat de afi\u0219are public\u0103, cu bun\u0103 \u0219tiin\u021b\u0103, a unui simbol nazist, f\u0103r\u0103 nicio scuz\u0103, \u0219i de provocarea expunerii unui simbol nazist interzis &hellip; <a href=\"https:\/\/microscopemedia.com\/?p=668529\" class=\"more-link\">Read More<\/a><\/p>\n","protected":false},"author":1,"featured_media":668530,"comment_status":"closed","ping_status":"closed","sticky":false,"template":"Default","format":"standard","meta":[],"categories":[1],"tags":[],"_links":{"self":[{"href":"https:\/\/microscopemedia.com\/index.php?rest_route=\/wp\/v2\/posts\/668529"}],"collection":[{"href":"https:\/\/microscopemedia.com\/index.php?rest_route=\/wp\/v2\/posts"}],"about":[{"href":"https:\/\/microscopemedia.com\/index.php?rest_route=\/wp\/v2\/types\/post"}],"author":[{"embeddable":true,"href":"https:\/\/microscopemedia.com\/index.php?rest_route=\/wp\/v2\/users\/1"}],"replies":[{"embeddable":true,"href":"https:\/\/microscopemedia.com\/index.php?rest_route=%2Fwp%2Fv2%2Fcomments&post=668529"}],"version-history":[{"count":0,"href":"https:\/\/microscopemedia.com\/index.php?rest_route=\/wp\/v2\/posts\/668529\/revisions"}],"wp:featuredmedia":[{"embeddable":true,"href":"https:\/\/microscopemedia.com\/index.php?rest_route=\/wp\/v2\/media\/668530"}],"wp:attachment":[{"href":"https:\/\/microscopemedia.com\/index.php?rest_route=%2Fwp%2Fv2%2Fmedia&parent=668529"}],"wp:term":[{"taxonomy":"category","embeddable":true,"href":"https:\/\/microscopemedia.com\/index.php?rest_route=%2Fwp%2Fv2%2Fcategories&post=668529"},{"taxonomy":"post_tag","embeddable":true,"href":"https:\/\/microscopemedia.com\/index.php?rest_route=%2Fwp%2Fv2%2Ftags&post=668529"}],"curies":[{"name":"wp","href":"https:\/\/api.w.org\/{rel}","templated":true}]}}