{"id":668561,"date":"2025-12-28T07:06:05","date_gmt":"2025-12-28T07:06:05","guid":{"rendered":"https:\/\/microscopemedia.com\/?p=668561"},"modified":"2025-12-28T07:06:05","modified_gmt":"2025-12-28T07:06:05","slug":"e-infricosator-in-suedia-dar-situatia-din-finlanda-e-si-mai-grava-zeci-de-mii-de-case-fara-curent","status":"publish","type":"post","link":"https:\/\/microscopemedia.com\/?p=668561","title":{"rendered":"E \u00eenfrico\u0219\u0103tor \u00een Suedia, dar situa\u021bia din Finlanda e \u0219i mai grav\u0103: Zeci de mii de case f\u0103r\u0103 curent"},"content":{"rendered":"<div><img decoding=\"async\" src=\"https:\/\/microscopemedia.com\/wp-content\/uploads\/2025\/12\/e-infricosator-in-suedia-dar-situatia-din-finlanda-e-si-mai-grava-zeci-de-mii-de-case-fara-curent.jpg\" class=\"ff-og-image-inserted\"><\/div>\n<p class=\"font-claude-response-body break-words whitespace-normal leading-[1.7]\" id=\"p-0\">Furtuna Johannes a lovit Scandinavia cu violen\u021b\u0103. \u00cen Finlanda, 170.000 de gospod\u0103rii au r\u0103mas f\u0103r\u0103 energie electric\u0103, \u00een timp ce \u00een Suedia 40.000 de case sunt afectate. Un b\u0103rbat a murit \u00een Suedia dup\u0103 ce a fost lovit de o copac c\u0103zut.<\/p>\n<h2 class=\"font-claude-response-body break-words whitespace-normal leading-[1.7]\" id=\"chapter-0\"><strong>Un mort \u0219i sute de ma\u0219ini blocate<\/strong><\/h2>\n<p class=\"font-claude-response-body break-words whitespace-normal leading-[1.7]\" id=\"p-1\">\u00cen ora\u0219ul Sandviken din estul Suediei, un b\u0103rbat \u0219i-a pierdut via\u021ba dup\u0103 ce a fost lovit de un <a href=\"https:\/\/www.mediafax.ro\/social\/episod-de-iarna-severa-in-romania-concluziile-sedintei-comitetului-ministerial-pentru-situatii-de-urgenta-convocat-de-ministerul-mediului-23664024\" target=\"_blank\" rel=\"noopener\">copac c\u0103zut<\/a>. Sute de ma\u0219ini au r\u0103mas blocate pe autostrada E4. Vremea a provocat perturb\u0103ri grave \u00een transporturi, mai multe servicii de feribot fiind suspendate.<\/p>\n<blockquote class=\"twitter-tweet\" readability=\"11.389830508475\">\n<p dir=\"ltr\" lang=\"en\" id=\"p-2\">Did a Flight Slide Off the Runway in Finland Due to a Storm? On December 28, a commercial flight with around 150 passengers slid off the<br \/>runway at Kittila Airport in Finland due to severe storm conditions, reported<br \/>Finavia. Fortunately, no injuries\u2026 <a href=\"https:\/\/t.co\/idaI19MEHs\">https:\/\/t.co\/idaI19MEHs<\/a> <a href=\"https:\/\/t.co\/3dYFKWJILv\">pic.twitter.com\/3dYFKWJILv<\/a><\/p>\n<p id=\"p-3\">\u2014 NationPress (@np_nationpress) <a href=\"https:\/\/twitter.com\/np_nationpress\/status\/2005141498157826494?ref_src=twsrc%5Etfw\">December 28, 2025<\/a><\/p>\n<\/blockquote>\n<p class=\"font-claude-response-body break-words whitespace-normal leading-[1.7]\" id=\"p-4\">Rafale de v\u00e2nt cu viteze apropiate de cele ale unui uragan au fost \u00eenregistrate \u00een unele zone ale \u021b\u0103rii. Numeroase servicii feroviare au fost anulate. Traficul aerian a fost, de asemenea, afectat.<\/p>\n<h2 class=\"font-claude-response-body break-words whitespace-normal leading-[1.7]\" id=\"chapter-1\"><strong>170.000 de gospod\u0103rii f\u0103r\u0103 curent \u00een Finlanda<\/strong><\/h2>\n<p class=\"font-claude-response-body break-words whitespace-normal leading-[1.7]\" id=\"p-5\">Finlanda se confrunt\u0103 cu probleme \u0219i mai mari dec\u00e2t Suedia. Conform rapoartelor, 170.000 de gospod\u0103rii au r\u0103mas f\u0103r\u0103 energie electric\u0103. Furtuna, numit\u0103 Hannes \u00een Finlanda, a \u00eenceput s\u0103 se potoleasc\u0103 duminic\u0103 diminea\u021b\u0103, dar 125.000 de gospod\u0103rii erau \u00eenc\u0103 f\u0103r\u0103 curent, anun\u021b\u0103 <a href=\"https:\/\/swedenherald.com\/article\/170000-households-without-power-in-finland-as-storm-johannes-moves-east\">Sweden Herald<\/a>.<\/p>\n<p class=\"font-claude-response-body break-words whitespace-normal leading-[1.7]\" id=\"p-6\">Institutul Meteorologic Finlandez a emis avertismente pentru v\u00e2nt puternic de-a lungul coastei, de la Golful Finlandei p\u00e2n\u0103 la nordul Ostrobothniei. Cea mai grav\u0103 parte a furtunii pare s\u0103 fi trecut.<\/p>\n<h2 class=\"font-claude-response-body break-words whitespace-normal leading-[1.7]\" id=\"chapter-2\"><strong>Avioane derapate, trafic blocat \u00een Norvegia<\/strong><\/h2>\n<p class=\"font-claude-response-body break-words whitespace-normal leading-[1.7]\" id=\"p-7\">Dou\u0103 avioane care transportau aproximativ 150 de pasageri au derapat de pe pist\u0103 \u00een ora\u0219ul Kittila din Laponia. Avioanele au alunecat din cauza v\u00e2ntului puternic \u0219i s-au oprit \u00een z\u0103pad\u0103. Nimeni nu a fost r\u0103nit, accidentul produc\u00e2ndu-se la vitez\u0103 redus\u0103.<\/p>\n<p class=\"font-claude-response-body break-words whitespace-normal leading-[1.7]\" id=\"p-8\">\u00cen Norvegia, aeroportul Leknes din Lofoten a fost nevoit s\u0103 se \u00eenchid\u0103 din cauza distrugerii anemometrelor. \u0218ase zboruri de sosire \u0219i tot at\u00e2tea zboruri de plecare au fost anulate. Peste 100 de sta\u021bii de baz\u0103 ale Telenor au fost scoase din func\u021biune.<\/p>\n<h2 class=\"font-claude-response-body break-words whitespace-normal leading-[1.7]\" id=\"chapter-3\"><strong>Repara\u021biile ar putea dura p\u00e2n\u0103 s\u0103pt\u0103m\u00e2na viitoare<\/strong><\/h2>\n<p class=\"font-claude-response-body break-words whitespace-normal leading-[1.7]\" id=\"p-10\">Nu se poate estima \u00eenc\u0103 c\u00e2nd va fi restabilit\u0103 alimentarea cu energie electric\u0103. Potrivit companiei suedeze E.ON, repara\u021biile ar putea dura p\u00e2n\u0103 s\u0103pt\u0103m\u00e2na viitoare. Este pu\u021bin probabil ca toat\u0103 lumea s\u0103 aib\u0103 din nou energie electric\u0103 \u00eenainte de atunci.<\/p>\n<p class=\"font-claude-response-body break-words whitespace-normal leading-[1.7]\" id=\"p-11\">\u201eSe \u00eendreapt\u0103 spre sud \u0219i rog pe toat\u0103 lumea s\u0103 fie atent\u0103. Nu este vorba doar de condi\u021biile de drum alunecos, se \u00eent\u00e2mpl\u0103 lucruri neobi\u0219nuite, nu se \u0219tie care copaci vor c\u0103dea\u201d, a declarat Per Bjurstr\u00f6m, ofi\u021ber la centrul regional de comand\u0103 al poli\u021biei.<\/p>\n<h2 class=\"font-claude-response-body break-words whitespace-normal leading-[1.7]\" id=\"chapter-4\"><strong>Apel la pruden\u021b\u0103 din partea autorit\u0103\u021bilor<\/strong><\/h2>\n<p class=\"font-claude-response-body break-words whitespace-normal leading-[1.7]\" id=\"p-12\">Andreas Carlson, ministrul suedez al Infrastructurii \u0219i Locuin\u021belor, a \u00eendemnat oamenii s\u0103 ia \u00een serios avertismentul meteorologic. Agen\u021bia Suedez\u0103 de Transport a cerut persoanelor din zonele afectate s\u0103 nu c\u0103l\u0103toreasc\u0103 pe drumuri din cauza pericolului evident.<\/p>\n<p class=\"font-claude-response-body break-words whitespace-normal leading-[1.7]\" id=\"p-13\">Furtuna Johannes continu\u0103 s\u0103 fac\u0103 ravagii \u00een Scandinavia. Autorit\u0103\u021bile recomand\u0103 maxim\u0103 pruden\u021b\u0103 \u0219i evitarea deplas\u0103rilor inutile \u00een zonele afectate.<\/p>\n","protected":false},"excerpt":{"rendered":"<p>Furtuna Johannes a lovit Scandinavia cu violen\u021b\u0103. \u00cen Finlanda, 170.000 de gospod\u0103rii au r\u0103mas f\u0103r\u0103 energie electric\u0103, \u00een timp ce \u00een Suedia 40.000 de case sunt afectate. Un b\u0103rbat a &hellip; <a href=\"https:\/\/microscopemedia.com\/?p=668561\" class=\"more-link\">Read More<\/a><\/p>\n","protected":false},"author":1,"featured_media":668562,"comment_status":"closed","ping_status":"closed","sticky":false,"template":"Default","format":"standard","meta":[],"categories":[1],"tags":[],"_links":{"self":[{"href":"https:\/\/microscopemedia.com\/index.php?rest_route=\/wp\/v2\/posts\/668561"}],"collection":[{"href":"https:\/\/microscopemedia.com\/index.php?rest_route=\/wp\/v2\/posts"}],"about":[{"href":"https:\/\/microscopemedia.com\/index.php?rest_route=\/wp\/v2\/types\/post"}],"author":[{"embeddable":true,"href":"https:\/\/microscopemedia.com\/index.php?rest_route=\/wp\/v2\/users\/1"}],"replies":[{"embeddable":true,"href":"https:\/\/microscopemedia.com\/index.php?rest_route=%2Fwp%2Fv2%2Fcomments&post=668561"}],"version-history":[{"count":0,"href":"https:\/\/microscopemedia.com\/index.php?rest_route=\/wp\/v2\/posts\/668561\/revisions"}],"wp:featuredmedia":[{"embeddable":true,"href":"https:\/\/microscopemedia.com\/index.php?rest_route=\/wp\/v2\/media\/668562"}],"wp:attachment":[{"href":"https:\/\/microscopemedia.com\/index.php?rest_route=%2Fwp%2Fv2%2Fmedia&parent=668561"}],"wp:term":[{"taxonomy":"category","embeddable":true,"href":"https:\/\/microscopemedia.com\/index.php?rest_route=%2Fwp%2Fv2%2Fcategories&post=668561"},{"taxonomy":"post_tag","embeddable":true,"href":"https:\/\/microscopemedia.com\/index.php?rest_route=%2Fwp%2Fv2%2Ftags&post=668561"}],"curies":[{"name":"wp","href":"https:\/\/api.w.org\/{rel}","templated":true}]}}