{"id":668563,"date":"2025-12-28T07:26:05","date_gmt":"2025-12-28T07:26:05","guid":{"rendered":"https:\/\/microscopemedia.com\/?p=668563"},"modified":"2025-12-28T07:26:05","modified_gmt":"2025-12-28T07:26:05","slug":"anm-cod-rosu-de-vant-in-munti-viteze-de-140-km-h-in-caras-severin-si-hunedoara","status":"publish","type":"post","link":"https:\/\/microscopemedia.com\/?p=668563","title":{"rendered":"ANM: Cod ro\u0219u de v\u00e2nt \u00een mun\u021bi. Viteze de 140 km\/h \u00een Cara\u0219-Severin \u0219i Hunedoara"},"content":{"rendered":"<div><img decoding=\"async\" src=\"https:\/\/microscopemedia.com\/wp-content\/uploads\/2025\/12\/anm-cod-rosu-de-vant-in-munti-viteze-de-140-km-h-in-caras-severin-si-hunedoara.jpg\" class=\"ff-og-image-inserted\"><\/div>\n<p class=\"font-claude-response-body break-words whitespace-normal leading-[1.7]\" id=\"p-0\">Administra\u021bia Na\u021bional\u0103 de Meteorologie a emis Cod ro\u0219u de v\u00e2nt pentru zonele montane din Cara\u0219-Severin \u0219i Hunedoara. Avertizarea este valabil\u0103 p\u00e2n\u0103 la ora 10:00. Rafale de v\u00e2nt cu viteze de 120-140 km\/h vor afecta zonele situate peste 1800 de metri altitudine.<\/p>\n<h2 class=\"font-claude-response-body break-words whitespace-normal leading-[1.7]\" id=\"chapter-0\"><strong>Cod ro\u0219u \u00een dou\u0103 jude\u021be<\/strong><\/h2>\n<p class=\"font-claude-response-body break-words whitespace-normal leading-[1.7]\" id=\"p-1\">Jude\u021bul Cara\u0219-Severin \u0219i jude\u021bul Hunedoara sunt sub alert\u0103 de tip Cod ro\u0219u de v\u00e2nt. Avertizarea a fost emis\u0103 duminic\u0103, la ora 8:44. Codul ro\u0219u este valabil de la ora 8:53 p\u00e2n\u0103 la ora 10:00.<\/p>\n<p class=\"font-claude-response-body break-words whitespace-normal leading-[1.7]\" id=\"p-2\">ANM avertizeaz\u0103 despre intensific\u0103ri puternice ale v\u00e2ntului. Vitezele la rafal\u0103 vor ajunge la 120-140 km\/h \u00een zonele montane de peste 1800 metri. Este cel mai ridicat nivel de alert\u0103 meteorologic\u0103.<\/p>\n<p class=\"font-claude-response-body break-words whitespace-normal leading-[1.7]\" id=\"p-3\"><strong>Zone afectate<\/strong><\/p>\n<p class=\"font-claude-response-body break-words whitespace-normal leading-[1.7]\" id=\"p-4\">Avertizarea vizeaz\u0103 exclusiv zonele montane de peste 1800 metri altitudine. Jude\u021bul Cara\u0219-Severin \u0219i jude\u021bul Hunedoara au zone montane care dep\u0103\u0219esc aceast\u0103 cot\u0103. V\u00e2rfurile din aceste jude\u021be sunt expuse la v\u00e2nturi extrem de puternice.<\/p>\n","protected":false},"excerpt":{"rendered":"<p>Administra\u021bia Na\u021bional\u0103 de Meteorologie a emis Cod ro\u0219u de v\u00e2nt pentru zonele montane din Cara\u0219-Severin \u0219i Hunedoara. Avertizarea este valabil\u0103 p\u00e2n\u0103 la ora 10:00. Rafale de v\u00e2nt cu viteze de &hellip; <a href=\"https:\/\/microscopemedia.com\/?p=668563\" class=\"more-link\">Read More<\/a><\/p>\n","protected":false},"author":1,"featured_media":668564,"comment_status":"closed","ping_status":"closed","sticky":false,"template":"Default","format":"standard","meta":[],"categories":[1],"tags":[],"_links":{"self":[{"href":"https:\/\/microscopemedia.com\/index.php?rest_route=\/wp\/v2\/posts\/668563"}],"collection":[{"href":"https:\/\/microscopemedia.com\/index.php?rest_route=\/wp\/v2\/posts"}],"about":[{"href":"https:\/\/microscopemedia.com\/index.php?rest_route=\/wp\/v2\/types\/post"}],"author":[{"embeddable":true,"href":"https:\/\/microscopemedia.com\/index.php?rest_route=\/wp\/v2\/users\/1"}],"replies":[{"embeddable":true,"href":"https:\/\/microscopemedia.com\/index.php?rest_route=%2Fwp%2Fv2%2Fcomments&post=668563"}],"version-history":[{"count":0,"href":"https:\/\/microscopemedia.com\/index.php?rest_route=\/wp\/v2\/posts\/668563\/revisions"}],"wp:featuredmedia":[{"embeddable":true,"href":"https:\/\/microscopemedia.com\/index.php?rest_route=\/wp\/v2\/media\/668564"}],"wp:attachment":[{"href":"https:\/\/microscopemedia.com\/index.php?rest_route=%2Fwp%2Fv2%2Fmedia&parent=668563"}],"wp:term":[{"taxonomy":"category","embeddable":true,"href":"https:\/\/microscopemedia.com\/index.php?rest_route=%2Fwp%2Fv2%2Fcategories&post=668563"},{"taxonomy":"post_tag","embeddable":true,"href":"https:\/\/microscopemedia.com\/index.php?rest_route=%2Fwp%2Fv2%2Ftags&post=668563"}],"curies":[{"name":"wp","href":"https:\/\/api.w.org\/{rel}","templated":true}]}}