{"id":668585,"date":"2025-12-28T09:46:04","date_gmt":"2025-12-28T09:46:04","guid":{"rendered":"https:\/\/microscopemedia.com\/?p=668585"},"modified":"2025-12-28T09:46:04","modified_gmt":"2025-12-28T09:46:04","slug":"hamas-si-a-mutat-centrul-in-europa","status":"publish","type":"post","link":"https:\/\/microscopemedia.com\/?p=668585","title":{"rendered":"Hamas \u0219i-a mutat centrul \u00een Europa"},"content":{"rendered":"<div><img decoding=\"async\" src=\"https:\/\/microscopemedia.com\/wp-content\/uploads\/2025\/12\/hamas-si-a-mutat-centrul-in-europa.jpg\" class=\"ff-og-image-inserted\"><\/div>\n<p class=\"font-claude-response-body break-words whitespace-normal leading-[1.7]\" id=\"p-0\">Autorit\u0103\u021bile israeliene recunosc opera\u021biunea care a zdrobit celula Hamas din Italia. Ministrul israelian al Diasporei, Amichai Chikli, <a href=\"https:\/\/www.mediafax.ro\/justitie\/noua-persoane-arestate-in-italia-pentru-presupuse-finantari-catre-hamas-ce-suma-ar-fi-fost-alocata-23664057\" target=\"_blank\" rel=\"noopener\">salut\u0103 arest\u0103rile<\/a>, numindu-le \u201eun pas important \u00een lupta \u00eempotriva terorismului Hamas\u201d. Organiza\u021bia \u0219i-a mutat treptat centrul de greutate \u00een Europa, scrie <a href=\"https:\/\/www.ilgiornale.it\/news\/politica\/passo-rilevante-nella-lotta-terrorismo-hamas-infiltrato-2588459.html#google_vignette\">Il Giornale<\/a>.<\/p>\n<h2 class=\"font-claude-response-body break-words whitespace-normal leading-[1.7]\" id=\"chapter-0\">\u201eHamas infiltrat \u00een societ\u0103\u021bile europene\u201d<\/h2>\n<p class=\"font-claude-response-body break-words whitespace-normal leading-[1.7]\" id=\"p-1\">Chikli subliniaz\u0103 c\u0103 opera\u021biunea eviden\u021biaz\u0103 profunzimea infiltr\u0103rii Hamas \u00een societ\u0103\u021bile europene. Ministrul \u00ee\u0219i exprim\u0103 speran\u021ba c\u0103 ancheta va reprezenta \u201eun punct de cotitur\u0103 \u0219i \u00eenceputul unui efort hot\u0103r\u00e2t de a demantela re\u021belele Hamas \u00een Europa \u0219i \u00een lumea occidental\u0103 \u00een general\u201d.<\/p>\n<p class=\"font-claude-response-body break-words whitespace-normal leading-[1.7]\" id=\"p-2\">Declara\u021biile ministrului israelian sunt citate de ziarul <a href=\"https:\/\/www.haaretz.com\/\" target=\"_blank\" rel=\"noopener\">Haaretz<\/a>. Chikli transmite un mesaj de u\u0219urare pentru rezultat, dar \u0219i de nelini\u0219te pentru gradul de penetrare al organiza\u021biei islamiste. Israel consider\u0103 opera\u021biunea din Italia un semnal important \u00een lupta \u00eempotriva terorismului.<\/p>\n<h2 class=\"font-claude-response-body break-words whitespace-normal leading-[1.7]\" id=\"chapter-1\">Comunitatea evreiasc\u0103 italian\u0103 mul\u021bume\u0219te poli\u021biei<\/h2>\n<p class=\"font-claude-response-body break-words whitespace-normal leading-[1.7]\" id=\"p-3\">Noemi Di Segni, pre\u0219edintele Uniunii Comunit\u0103\u021bilor Evreie\u0219ti din Italia, \u00ee\u0219i exprim\u0103 recuno\u0219tin\u021ba. \u201eLuni \u00eentregi de investiga\u021bii efectuate de exper\u021bi au scos \u00een sf\u00e2r\u0219it la iveal\u0103 adev\u0103rul despre fondurile str\u00e2nse prin exploatarea sentimentelor de mil\u0103 \u0219i disponibilitatea de a ajuta poporul palestinian \u0219i Gaza\u201d, declar\u0103 ea.<\/p>\n<p class=\"font-claude-response-body break-words whitespace-normal leading-[1.7]\" id=\"p-4\">Di Segni subliniaz\u0103 c\u0103 au fost folosite instrumente \u0219i spa\u021bii pe care ordinea constitu\u021bional\u0103 italian\u0103 le rezerv\u0103 valorilor \u00eenalte. Acestea au fost \u00een schimb abuzate cu abilitate. \u201eSuntem recunosc\u0103tori poli\u021biei \u0219i justi\u021biei pentru eforturile lor neobosite\u201d, concluzioneaz\u0103 pre\u0219edinta Uniunii.<\/p>\n<h2 class=\"font-claude-response-body break-words whitespace-normal leading-[1.7]\" id=\"chapter-2\">\u201eBine, acum suntem cu to\u021bii mai \u00een siguran\u021b\u0103\u201d<\/h2>\n<p class=\"font-claude-response-body break-words whitespace-normal leading-[1.7]\" id=\"p-5\">Walker Meghnagi, pre\u0219edintele comunit\u0103\u021bii evreie\u0219ti din Milano, mul\u021bume\u0219te \u0219i el poli\u021biei pentru opera\u021biune. El subliniaz\u0103 c\u0103 aceasta spore\u0219te securitatea at\u00e2t a comunit\u0103\u021bilor evreie\u0219ti, c\u00e2t \u0219i a tuturor italienilor \u00een general. \u201eDe ani de zile denun\u021b\u0103m apropierea lui Hannoun de Hamas\u201d, adaug\u0103 Meghnagi.<\/p>\n<p class=\"font-claude-response-body break-words whitespace-normal leading-[1.7]\" id=\"p-6\">Davide Romano, de la Muzeul Brig\u0103zii Evreie\u0219ti, declar\u0103 c\u0103 Hamas \u201ea exploatat generozitatea multor occidentali \u00een scopuri teroriste\u201d. El adaug\u0103 c\u0103 aceast\u0103 tendin\u021b\u0103 este denun\u021bat\u0103 de ani de zile, f\u0103r\u0103 s\u0103 aib\u0103 parte de ascultare.<\/p>\n<h2 class=\"font-claude-response-body break-words whitespace-normal leading-[1.7]\" id=\"chapter-3\">Presa israelian\u0103 relateaz\u0103 opera\u021biunea<\/h2>\n<p class=\"font-claude-response-body break-words whitespace-normal leading-[1.7]\" id=\"p-7\">\u0218tirea este relatat\u0103 \u00een mod proeminent \u00een Jerusalem Post, care detaliaz\u0103 circumstan\u021bele opera\u021biunii \u0219i comentariile ministrului de interne Matteo Piantedosi. \u201eItalia aresteaz\u0103 \u00een sf\u00e2r\u0219it cel mai bun prieten al Hamasului din Roma\u201d, arat\u0103 Times of Israel.<\/p>\n<p class=\"font-claude-response-body break-words whitespace-normal leading-[1.7]\" id=\"p-8\">Autorit\u0103\u021bile israeliene v\u0103d opera\u021biunea din Italia ca pe un model pentru combaterea re\u021belelor Hamas din Europa. Mini\u0219trii israelieni sper\u0103 c\u0103 aceast\u0103 ac\u021biune va declan\u0219a eforturi similare \u00een alte \u021b\u0103ri europene. Infiltrarea Hamas \u00een Europa este considerat\u0103 o amenin\u021bare serioas\u0103 la adresa securit\u0103\u021bii occidentale.<\/p>\n","protected":false},"excerpt":{"rendered":"<p>Autorit\u0103\u021bile israeliene recunosc opera\u021biunea care a zdrobit celula Hamas din Italia. Ministrul israelian al Diasporei, Amichai Chikli, salut\u0103 arest\u0103rile, numindu-le \u201eun pas important \u00een lupta \u00eempotriva terorismului Hamas\u201d. Organiza\u021bia \u0219i-a &hellip; <a href=\"https:\/\/microscopemedia.com\/?p=668585\" class=\"more-link\">Read More<\/a><\/p>\n","protected":false},"author":1,"featured_media":668586,"comment_status":"closed","ping_status":"closed","sticky":false,"template":"Default","format":"standard","meta":[],"categories":[1],"tags":[],"_links":{"self":[{"href":"https:\/\/microscopemedia.com\/index.php?rest_route=\/wp\/v2\/posts\/668585"}],"collection":[{"href":"https:\/\/microscopemedia.com\/index.php?rest_route=\/wp\/v2\/posts"}],"about":[{"href":"https:\/\/microscopemedia.com\/index.php?rest_route=\/wp\/v2\/types\/post"}],"author":[{"embeddable":true,"href":"https:\/\/microscopemedia.com\/index.php?rest_route=\/wp\/v2\/users\/1"}],"replies":[{"embeddable":true,"href":"https:\/\/microscopemedia.com\/index.php?rest_route=%2Fwp%2Fv2%2Fcomments&post=668585"}],"version-history":[{"count":0,"href":"https:\/\/microscopemedia.com\/index.php?rest_route=\/wp\/v2\/posts\/668585\/revisions"}],"wp:featuredmedia":[{"embeddable":true,"href":"https:\/\/microscopemedia.com\/index.php?rest_route=\/wp\/v2\/media\/668586"}],"wp:attachment":[{"href":"https:\/\/microscopemedia.com\/index.php?rest_route=%2Fwp%2Fv2%2Fmedia&parent=668585"}],"wp:term":[{"taxonomy":"category","embeddable":true,"href":"https:\/\/microscopemedia.com\/index.php?rest_route=%2Fwp%2Fv2%2Fcategories&post=668585"},{"taxonomy":"post_tag","embeddable":true,"href":"https:\/\/microscopemedia.com\/index.php?rest_route=%2Fwp%2Fv2%2Ftags&post=668585"}],"curies":[{"name":"wp","href":"https:\/\/api.w.org\/{rel}","templated":true}]}}