{"id":668599,"date":"2025-12-28T11:16:04","date_gmt":"2025-12-28T11:16:04","guid":{"rendered":"https:\/\/microscopemedia.com\/?p=668599"},"modified":"2025-12-28T11:16:04","modified_gmt":"2025-12-28T11:16:04","slug":"polonia-accelereaza-investitiile-in-adaposturi-antiaeriene-pe-fondul-amenintarilor-din-partea-rusiei","status":"publish","type":"post","link":"https:\/\/microscopemedia.com\/?p=668599","title":{"rendered":"Polonia accelereaz\u0103 investi\u021biile \u00een ad\u0103posturi antiaeriene pe fondul amenin\u021b\u0103rilor din partea Rusiei"},"content":{"rendered":"<div><img decoding=\"async\" src=\"https:\/\/microscopemedia.com\/wp-content\/uploads\/2025\/12\/polonia-accelereaza-investitiile-in-adaposturi-antiaeriene-pe-fondul-amenintarilor-din-partea-rusiei.jpg\" class=\"ff-og-image-inserted\"><\/div>\n<p id=\"p-0\">Polonia, care a fost de-a lungul istoriei \u021binta mai multor agresiuni din partea Rusiei, se confrunt\u0103 \u00een prezent cu amenin\u021b\u0103ri de securitate tot mai mari, inclusiv incidente recente care au implicat sabotaje \u0219i \u00eenc\u0103lc\u0103ri ale spa\u021biului aerian.<\/p>\n<h2 id=\"chapter-0\">Amenin\u021b\u0103ri de securitate \u0219i vulnerabilit\u0103\u021bi interne<\/h2>\n<p id=\"p-1\">Aceste evolu\u021bii au eviden\u021biat vulnerabilit\u0103\u021bi majore \u00een sistemul de ap\u0103rare al \u021b\u0103rii. De\u0219i Var\u0219ovia aloc\u0103 aproape 5% din PIB pentru ap\u0103rare, guvernul a investit pu\u021bin \u00een protejarea popula\u021biei civile. Cele mai multe ad\u0103posturi pentru popula\u021bie sunt vechi, construite \u00een perioada comunist\u0103, \u0219i se afl\u0103 \u00eentr-o stare avansat\u0103 de degradare.<\/p>\n<p id=\"p-2\">Este o \u201eproblem\u0103 gigantic\u0103\u201d, a declarat S\u0142awomir Cenckiewicz, \u0219eful Biroului Na\u021bional de Securitate al Poloniei \u0219i consilier al pre\u0219edintelui Karol Nawrocki.<\/p>\n<p id=\"p-3\">\u201eChiar trebuie s\u0103 cre\u0219tem rezilien\u021ba civil\u0103\u2026 Polonia, \u00een ultimii ani, s-a concentrat pe modernizarea for\u021belor armate \u0219i a uitat de acest aspect\u201d, a ad\u0103ugat acesta.<\/p>\n<p id=\"p-4\">Guvernul condus de premierul Donald Tusk a alocat \u00een bugetul pe acest an 16 miliarde de zlo\u021bi (aproximativ 3,8 miliarde de euro) pentru construirea \u0219i modernizarea ad\u0103posturilor.<\/p>\n<p id=\"p-5\">Primarul Var\u0219oviei, Rafa\u0142 Trzaskowski, a anun\u021bat un plan prin care re\u021beaua de metrou a capitalei ar urma s\u0103 poat\u0103 fi folosit\u0103 ca ad\u0103post pentru aproximativ 100.000 de persoane, \u00een caz de urgen\u021b\u0103.<\/p>\n<h2 id=\"chapter-1\">Finlanda, punct de referin\u021b\u0103 pentru Polonia<\/h2>\n<p id=\"p-6\">Polonia ia ca punct de referin\u021b\u0103 Finlanda, statul NATO care are cea mai lung\u0103 frontier\u0103 cu Rusia \u0219i dispune de aproximativ 50.000 de ad\u0103posturi antiaeriene.<\/p>\n<p id=\"p-7\">\u00cen septembrie, pre\u0219edintele Poloniei, Karol Nawrocki, a vizitat un ad\u0103post subteran din Helsinki, cu o capacitate de 6.000 de persoane, care include facilit\u0103\u021bi precum cafenea, loc de joac\u0103 \u0219i sal\u0103 de sport. \u201eEste esen\u021bial pentru Polonia \u0219i pentru cet\u0103\u021benii s\u0103i s\u0103 implement\u0103m aceste mecanisme\u201d, a spus el.<\/p>\n<p id=\"p-8\">Doar aproximativ 1.000 de ad\u0103posturi sunt considerate adecvate, suficiente pentru a proteja cel mult 3% din popula\u021bie. Prin compara\u021bie, ad\u0103posturile Finlandei ar putea proteja cel pu\u021bin 80% dintre cet\u0103\u021beni.<\/p>\n<p id=\"p-9\">Legea privind protec\u021bia civil\u0103 a intrat \u00een vigoare la \u00eenceputul anului trecut, \u00eens\u0103 normele tehnice detaliate urmeaz\u0103 s\u0103 fie stabilite. Exper\u021bii avertizeaz\u0103 c\u0103, f\u0103r\u0103 standarde clare, noile investi\u021bii risc\u0103 s\u0103 fie ineficiente.<\/p>\n<p data-start=\"4958\" data-end=\"5179\" id=\"p-10\">Chiar dac\u0103 legea nu este perfect\u0103, \u201ecel pu\u021bin ofer\u0103 \u0219ansa de a \u00eencepe\u201d, a spus Jaros\u0142aw Gromadzi\u0144ski, general polonez \u00een retragere. \u201eNe-am extins ora\u0219ele f\u0103r\u0103 s\u0103 ne g\u00e2ndim la protec\u021bia oamenilor \u00eentr-o situa\u021bie de criz\u0103\u201d.<\/p>\n<p data-start=\"5181\" data-end=\"5378\" data-is-last-node data-is-only-node id=\"p-11\">De\u0219i Polonia a procedat corect prioritiz\u00e2nd dezvoltarea armatei, a ad\u0103ugat Gromadzi\u0144ski, devine tot mai clar c\u0103 protejarea civililor \u201enu este la fel de u\u0219oar\u0103 sau rapid\u0103 precum cump\u0103rarea de arme\u201d.<\/p>\n","protected":false},"excerpt":{"rendered":"<p>Polonia, care a fost de-a lungul istoriei \u021binta mai multor agresiuni din partea Rusiei, se confrunt\u0103 \u00een prezent cu amenin\u021b\u0103ri de securitate tot mai mari, inclusiv incidente recente care au &hellip; <a href=\"https:\/\/microscopemedia.com\/?p=668599\" class=\"more-link\">Read More<\/a><\/p>\n","protected":false},"author":1,"featured_media":668600,"comment_status":"closed","ping_status":"closed","sticky":false,"template":"Default","format":"standard","meta":[],"categories":[1],"tags":[],"_links":{"self":[{"href":"https:\/\/microscopemedia.com\/index.php?rest_route=\/wp\/v2\/posts\/668599"}],"collection":[{"href":"https:\/\/microscopemedia.com\/index.php?rest_route=\/wp\/v2\/posts"}],"about":[{"href":"https:\/\/microscopemedia.com\/index.php?rest_route=\/wp\/v2\/types\/post"}],"author":[{"embeddable":true,"href":"https:\/\/microscopemedia.com\/index.php?rest_route=\/wp\/v2\/users\/1"}],"replies":[{"embeddable":true,"href":"https:\/\/microscopemedia.com\/index.php?rest_route=%2Fwp%2Fv2%2Fcomments&post=668599"}],"version-history":[{"count":0,"href":"https:\/\/microscopemedia.com\/index.php?rest_route=\/wp\/v2\/posts\/668599\/revisions"}],"wp:featuredmedia":[{"embeddable":true,"href":"https:\/\/microscopemedia.com\/index.php?rest_route=\/wp\/v2\/media\/668600"}],"wp:attachment":[{"href":"https:\/\/microscopemedia.com\/index.php?rest_route=%2Fwp%2Fv2%2Fmedia&parent=668599"}],"wp:term":[{"taxonomy":"category","embeddable":true,"href":"https:\/\/microscopemedia.com\/index.php?rest_route=%2Fwp%2Fv2%2Fcategories&post=668599"},{"taxonomy":"post_tag","embeddable":true,"href":"https:\/\/microscopemedia.com\/index.php?rest_route=%2Fwp%2Fv2%2Ftags&post=668599"}],"curies":[{"name":"wp","href":"https:\/\/api.w.org\/{rel}","templated":true}]}}