{"id":668601,"date":"2025-12-28T11:26:04","date_gmt":"2025-12-28T11:26:04","guid":{"rendered":"https:\/\/microscopemedia.com\/?p=668601"},"modified":"2025-12-28T11:26:04","modified_gmt":"2025-12-28T11:26:04","slug":"zi-decisiva-pentru-pensiile-magistratilor-ccr-se-pronunta-asupra-proiectului-de-reforma-asumat-de-guvernul-bolojan","status":"publish","type":"post","link":"https:\/\/microscopemedia.com\/?p=668601","title":{"rendered":"Zi decisiv\u0103 pentru pensiile magistra\u021bilor. CCR se pronun\u021b\u0103 asupra proiectului de reform\u0103 asumat de Guvernul Bolojan"},"content":{"rendered":"<div><img decoding=\"async\" src=\"https:\/\/microscopemedia.com\/wp-content\/uploads\/2025\/12\/zi-decisiva-pentru-pensiile-magistratilor-ccr-se-pronunta-asupra-proiectului-de-reforma-asumat-de-guvernul-bolojan.jpg\" class=\"ff-og-image-inserted\"><\/div>\n<p id=\"p-0\">Curtea Constitu\u021bional\u0103 a Rom\u00e2niei (CCR) decide ast\u0103zi soarta pensiilor speciale ale magistra\u021bilor.<\/p>\n<p id=\"p-1\">\u0218edin\u021ba a \u00eenceput la ora 13:00.<\/p>\n<p id=\"p-2\">Curtea Constitu\u021bional\u0103 a Rom\u00e2niei a am\u00e2nat pronun\u021barea unei decizii \u00een data de 10 decembrie 2025.<\/p>\n<p id=\"p-3\">\u00cenalta Curte de Casa\u021bie \u0219i Justi\u021bie sesizase CCR cu privire la Legea pentru modificarea \u0219i completarea unor acte normative din domeniul pensiilor de serviciu.<\/p>\n<p id=\"p-4\" class=\"font-claude-response-body break-words whitespace-normal leading-[1.7]\">\u00cenalta Curte sus\u021binea c\u0103 legea \u201e\u00eencalc\u0103 independen\u021ba justi\u021biei\u201d \u0219i \u201eelimin\u0103 de facto pensia de serviciu pentru magistra\u021bi\u201d. Decizia fusese adoptat\u0103 \u00een unanimitate, 102 judec\u0103tori din 102 prezen\u021bi.<\/p>\n<p id=\"p-5\">Contesta\u021bia \u00cenaltei Cur\u021bi a venit dup\u0103 ce premierul Ilie Bolojan \u0219i-a asumat r\u0103spunderea \u00een Parlament pentru a doua form\u0103 a legii.<\/p>\n<h2 id=\"chapter-0\">Ce prevede proiectul de reform\u0103 a pensiilor speciale<\/h2>\n<p id=\"p-6\" class=\"font-claude-response-body break-words whitespace-normal leading-[1.7]\">Stabilirea pensiei la maxim 70% din ultimul salariu net. Cre\u0219terea vechimii \u00een munc\u0103 de la 25 de ani la 35 de ani. Cre\u0219terea v\u00e2rstei de pensionare de la 48-50 de ani la 65 de ani.<\/p>\n<p id=\"p-7\" class=\"font-claude-response-body break-words whitespace-normal leading-[1.7]\">Conform noilor prevederi, cuantumul pensiei ar urma s\u0103 fie de 55% din media indemniza\u021biilor brute din ultimii cinci ani, cu plafon de 70% din ultima indemniza\u021bie net\u0103.<\/p>\n<p id=\"p-8\" class=\"font-claude-response-body break-words whitespace-normal leading-[1.7]\">Perioada de tranzi\u021bie pentru pensiile magistra\u021bilor a crescut de la 10 la 15 ani, \u00eencep\u00e2nd cu 1 ianuarie 2026. \u00cen urm\u0103torii 15 ani, v\u00e2rsta de pensionare va cre\u0219te treptat cu c\u00e2te un an.<\/p>\n<p id=\"p-9\" class=\"font-claude-response-body break-words whitespace-normal leading-[1.7]\">\u00cen 2042, v\u00e2rsta de pensionare a magistra\u021bilor va ajunge la 65 de ani.<\/p>\n","protected":false},"excerpt":{"rendered":"<p>Curtea Constitu\u021bional\u0103 a Rom\u00e2niei (CCR) decide ast\u0103zi soarta pensiilor speciale ale magistra\u021bilor. \u0218edin\u021ba a \u00eenceput la ora 13:00. Curtea Constitu\u021bional\u0103 a Rom\u00e2niei a am\u00e2nat pronun\u021barea unei decizii \u00een data de &hellip; <a href=\"https:\/\/microscopemedia.com\/?p=668601\" class=\"more-link\">Read More<\/a><\/p>\n","protected":false},"author":1,"featured_media":668602,"comment_status":"closed","ping_status":"closed","sticky":false,"template":"Default","format":"standard","meta":[],"categories":[1],"tags":[],"_links":{"self":[{"href":"https:\/\/microscopemedia.com\/index.php?rest_route=\/wp\/v2\/posts\/668601"}],"collection":[{"href":"https:\/\/microscopemedia.com\/index.php?rest_route=\/wp\/v2\/posts"}],"about":[{"href":"https:\/\/microscopemedia.com\/index.php?rest_route=\/wp\/v2\/types\/post"}],"author":[{"embeddable":true,"href":"https:\/\/microscopemedia.com\/index.php?rest_route=\/wp\/v2\/users\/1"}],"replies":[{"embeddable":true,"href":"https:\/\/microscopemedia.com\/index.php?rest_route=%2Fwp%2Fv2%2Fcomments&post=668601"}],"version-history":[{"count":0,"href":"https:\/\/microscopemedia.com\/index.php?rest_route=\/wp\/v2\/posts\/668601\/revisions"}],"wp:featuredmedia":[{"embeddable":true,"href":"https:\/\/microscopemedia.com\/index.php?rest_route=\/wp\/v2\/media\/668602"}],"wp:attachment":[{"href":"https:\/\/microscopemedia.com\/index.php?rest_route=%2Fwp%2Fv2%2Fmedia&parent=668601"}],"wp:term":[{"taxonomy":"category","embeddable":true,"href":"https:\/\/microscopemedia.com\/index.php?rest_route=%2Fwp%2Fv2%2Fcategories&post=668601"},{"taxonomy":"post_tag","embeddable":true,"href":"https:\/\/microscopemedia.com\/index.php?rest_route=%2Fwp%2Fv2%2Ftags&post=668601"}],"curies":[{"name":"wp","href":"https:\/\/api.w.org\/{rel}","templated":true}]}}