{"id":668605,"date":"2025-12-28T11:46:04","date_gmt":"2025-12-28T11:46:04","guid":{"rendered":"https:\/\/microscopemedia.com\/?p=668605"},"modified":"2025-12-28T11:46:04","modified_gmt":"2025-12-28T11:46:04","slug":"ministrul-rus-de-externe-serghei-riabkov-vom-bombarda-ucraina-pana-va-deveni-prietenoasa-cu-rusia","status":"publish","type":"post","link":"https:\/\/microscopemedia.com\/?p=668605","title":{"rendered":"Ministrul rus de externe, Serghei Riabkov: Vom bombarda Ucraina p\u00e2n\u0103 va deveni \u201eprietenoas\u0103\u201d cu Rusia"},"content":{"rendered":"<div><img decoding=\"async\" src=\"https:\/\/microscopemedia.com\/wp-content\/uploads\/2025\/12\/ministrul-rus-de-externe-serghei-riabkov-vom-bombarda-ucraina-pana-va-deveni-prietenoasa-cu-rusia.jpg\" class=\"ff-og-image-inserted\"><\/div>\n<p class=\"font-claude-response-body break-words whitespace-normal leading-[1.7]\" id=\"p-0\">Declara\u021biile lui Riabkov au fost f\u0103cute \u00een contextul intensific\u0103rii atacurilor ruse asupra teritoriului ucrainean.<\/p>\n<h2 class=\"font-claude-response-body break-words whitespace-normal leading-[1.7]\" id=\"chapter-0\"><strong>\u201eTrebuie s\u0103 ne asigur\u0103m c\u0103 acest moment se apropie\u201d<\/strong><\/h2>\n<p class=\"font-claude-response-body break-words whitespace-normal leading-[1.7]\" id=\"p-1\">Riabkov a declarat c\u0103 Rusia dore\u0219te s\u0103 vad\u0103 Ucraina ca o \u021bar\u0103 prietenoas\u0103. \u201eMi-ar pl\u0103cea foarte mult s\u0103 v\u0103d Ucraina ca o \u021bar\u0103 prietenoas\u0103 cu Rusia. Trebuie doar s\u0103 ne asigur\u0103m c\u0103 acest moment se apropie\u201d, a spus viceministrul de externe rus.<\/p>\n<blockquote class=\"twitter-tweet\" readability=\"13.183098591549\">\n<p dir=\"ltr\" lang=\"en\" id=\"p-2\">\u203c\ufe0fRussians will keep bombing Ukraine until it becomes \u201cfriendly\u201d<\/p>\n<p id=\"p-3\">\u201cWe just need to make sure this moment comes closer,\u201d Deputy Foreign Minister Ryabkov said.<\/p>\n<p id=\"p-4\">\u201cI would very much like to see Ukraine as a country friendly to Russia.<\/p>\n<p id=\"p-5\">A country where the rights of Russians and\u2026 <a href=\"https:\/\/t.co\/1DPrVCvdh7\">pic.twitter.com\/1DPrVCvdh7<\/a><\/p>\n<p id=\"p-6\">\u2014 NEXTA (@nexta_tv) <a href=\"https:\/\/twitter.com\/nexta_tv\/status\/2005201816632414641?ref_src=twsrc%5Etfw\">December 28, 2025<\/a><\/p>\n<\/blockquote>\n<p id=\"p-7\">&nbsp;<\/p>\n<p class=\"font-claude-response-body break-words whitespace-normal leading-[1.7]\" id=\"p-8\">Oficialul rus a precizat c\u0103 drepturile ru\u0219ilor \u0219i ale vorbitorilor de limb\u0103 rus\u0103 trebuie restabilite pe deplin \u00een Ucraina. De asemenea, drepturile Bisericii Ortodoxe Ruse canonice trebuie garantate.<\/p>\n<h2 class=\"font-claude-response-body break-words whitespace-normal leading-[1.7]\" id=\"chapter-1\"><strong>Condi\u021bii pentru oprirea bombardamentelor<\/strong><\/h2>\n<p class=\"font-claude-response-body break-words whitespace-normal leading-[1.7]\" id=\"p-9\">Riabkov a enumerat condi\u021biile pe care Rusia le consider\u0103 necesare pentru o Ucrain\u0103 \u201eprietenoas\u0103\u201d. Drepturile ru\u0219ilor \u0219i ale vorbitorilor de limb\u0103 rus\u0103 trebuie pe deplin restabilite \u0219i garantate. Drepturile Bisericii Ortodoxe Ruse canonice trebuie restabilite.<\/p>\n<p class=\"font-claude-response-body break-words whitespace-normal leading-[1.7]\" id=\"p-10\">Viceministrul a atacat politica actual\u0103 din Ucraina. \u201eO \u021bar\u0103 \u00een care se are grij\u0103 de oameni \u0219i nu doar o linie totalitar\u0103 care nu permite absolut nicio abatere \u0219i care urm\u0103re\u0219te s\u0103 elimine totul, absolut totul\u201d, a declarat Riabkov.<\/p>\n<h2 class=\"font-claude-response-body break-words whitespace-normal leading-[1.7]\" id=\"chapter-2\">Riabkov, <strong>posibil \u00eenlocuitor al lui Lavrov?<\/strong><\/h2>\n<p class=\"font-claude-response-body break-words whitespace-normal leading-[1.7]\" id=\"p-11\">Serghei Riabkov a vorbit mult \u00een ultima vreme pe teme de politic\u0103 extern\u0103. Anali\u0219ii se \u00eentreab\u0103 dac\u0103 este preg\u0103tit s\u0103-l \u00eenlocuiasc\u0103 pe ministrul de externe Serghei Lavrov. Declara\u021biile sale au c\u0103p\u0103tat o vizibilitate crescut\u0103 \u00een ultimele s\u0103pt\u0103m\u00e2ni.<\/p>\n","protected":false},"excerpt":{"rendered":"<p>Declara\u021biile lui Riabkov au fost f\u0103cute \u00een contextul intensific\u0103rii atacurilor ruse asupra teritoriului ucrainean. \u201eTrebuie s\u0103 ne asigur\u0103m c\u0103 acest moment se apropie\u201d Riabkov a declarat c\u0103 Rusia dore\u0219te s\u0103 &hellip; <a href=\"https:\/\/microscopemedia.com\/?p=668605\" class=\"more-link\">Read More<\/a><\/p>\n","protected":false},"author":1,"featured_media":668606,"comment_status":"closed","ping_status":"closed","sticky":false,"template":"Default","format":"standard","meta":[],"categories":[1],"tags":[],"_links":{"self":[{"href":"https:\/\/microscopemedia.com\/index.php?rest_route=\/wp\/v2\/posts\/668605"}],"collection":[{"href":"https:\/\/microscopemedia.com\/index.php?rest_route=\/wp\/v2\/posts"}],"about":[{"href":"https:\/\/microscopemedia.com\/index.php?rest_route=\/wp\/v2\/types\/post"}],"author":[{"embeddable":true,"href":"https:\/\/microscopemedia.com\/index.php?rest_route=\/wp\/v2\/users\/1"}],"replies":[{"embeddable":true,"href":"https:\/\/microscopemedia.com\/index.php?rest_route=%2Fwp%2Fv2%2Fcomments&post=668605"}],"version-history":[{"count":0,"href":"https:\/\/microscopemedia.com\/index.php?rest_route=\/wp\/v2\/posts\/668605\/revisions"}],"wp:featuredmedia":[{"embeddable":true,"href":"https:\/\/microscopemedia.com\/index.php?rest_route=\/wp\/v2\/media\/668606"}],"wp:attachment":[{"href":"https:\/\/microscopemedia.com\/index.php?rest_route=%2Fwp%2Fv2%2Fmedia&parent=668605"}],"wp:term":[{"taxonomy":"category","embeddable":true,"href":"https:\/\/microscopemedia.com\/index.php?rest_route=%2Fwp%2Fv2%2Fcategories&post=668605"},{"taxonomy":"post_tag","embeddable":true,"href":"https:\/\/microscopemedia.com\/index.php?rest_route=%2Fwp%2Fv2%2Ftags&post=668605"}],"curies":[{"name":"wp","href":"https:\/\/api.w.org\/{rel}","templated":true}]}}