{"id":668615,"date":"2025-12-28T12:56:04","date_gmt":"2025-12-28T12:56:04","guid":{"rendered":"https:\/\/microscopemedia.com\/?p=668615"},"modified":"2025-12-28T12:56:04","modified_gmt":"2025-12-28T12:56:04","slug":"bolojan-taie-indemnizatia-de-hrana-pentru-137-de-copii-cu-handicap-sau-care-sufera-de-hiv-sida","status":"publish","type":"post","link":"https:\/\/microscopemedia.com\/?p=668615","title":{"rendered":"Bolojan taie indemniza\u021bia de hran\u0103 pentru 137 de copii cu handicap sau care sufer\u0103 de HIV\/SIDA"},"content":{"rendered":"<div><img decoding=\"async\" src=\"https:\/\/microscopemedia.com\/wp-content\/uploads\/2025\/12\/bolojan-taie-indemnizatia-de-hrana-pentru-137-de-copii-cu-handicap-sau-care-sufera-de-hiv-sida.jpg\" class=\"ff-og-image-inserted\"><\/div>\n<p id=\"p-0\">Jurnalista Ioana Ulmeanu critic\u0103 una dintre m\u0103surile Guvernului Bolojan din Ordonan\u021ba \u201etrenule\u021b\u201d, ce presupune t\u0103ierea aloca\u021biei de hran\u0103 pentru 137 de copii cu handicap sau care sufer\u0103 de HIV\/SIDA, potrivit <a href=\"https:\/\/www.gandul.ro\/politica\/bolojan-taie-indemnizatia-de-hrana-pentru-137-de-copii-cu-handicap-sau-care-sufera-de-hiv-sida-lasa-oamenii-vulnerabili-si-mai-vulnerabili-20755675\" target=\"_blank\" rel=\"noopener\">G\u00e2ndul<\/a>.<\/p>\n<p id=\"p-1\">Ioana Ulmeanu a comentat \u00eentr-o not\u0103 dureros de ironic\u0103 m\u0103surile grave ale Guvernului condus de Ilie Bolojan.<\/p>\n<p id=\"p-2\">\u201eHai s\u0103 nu le mai g\u0103sim nod \u00een papur\u0103 \u0219i s\u0103 nu le mai critic\u0103m orice decizie care las\u0103 oamenii vulnerabili \u015fi mai vulnerabili\u201d, a scris aceasta pe contul de Instagram.<\/p>\n<p id=\"p-3\">Federa\u021bia UNOPA cere anularea deciziei<\/p>\n<p id=\"p-4\">\u201eFedera\u021bia UNOPA protesteaz\u0103 vehement fa\u0163\u0103 de decizia Guvernului PSD, PNL, USR, UDMR de a t\u0103ia indemniza\u021bia de hran\u0103 de care beneficiau 137 de copii cu handicap de tip HIV\/SIDA din Rom\u00e2nia \u0219i cere anularea imediat\u0103 a deciziei.<\/p>\n<p id=\"p-5\">Prin Ordonan\u021ba trenule\u021b Guvernul face un cadou de Cr\u0103ciun acestor copii \u0219i \u00een anul 2026 le suspend\u0103 plata.<\/p>\n<p id=\"p-6\">Astfel, la Art. XXXVIII ordonan\u021ba spune c\u0103 \u00een anul 2026, prevederile art. 582 din Legea nr. 448\/2006 privind protec\u021bia \u0219i promovarea drepturilor persoanelor cu handicap, republicat\u0103, cu modific\u0103rile \u0219i complet\u0103rile ulterioare, nu se mai aplic\u0103.<\/p>\n<p id=\"p-7\">Art. 58 alin 2 din Legea nr. 448\/2006 spune Copiii cu handicap de tip HIV\/SIDA beneficiaz\u0103 de o aloca\u0163ie lunar\u0103 de hran\u0103, calculat\u0103 pe baza aloca\u0163iei zilnice de hran\u0103 stabilite pentru consumurile colective din unit\u0103\u0163ile sanitare publice\u201d, a transmis jurnalista Ioana Ulmeanu.<\/p>\n","protected":false},"excerpt":{"rendered":"<p>Jurnalista Ioana Ulmeanu critic\u0103 una dintre m\u0103surile Guvernului Bolojan din Ordonan\u021ba \u201etrenule\u021b\u201d, ce presupune t\u0103ierea aloca\u021biei de hran\u0103 pentru 137 de copii cu handicap sau care sufer\u0103 de HIV\/SIDA, potrivit &hellip; <a href=\"https:\/\/microscopemedia.com\/?p=668615\" class=\"more-link\">Read More<\/a><\/p>\n","protected":false},"author":1,"featured_media":668616,"comment_status":"closed","ping_status":"closed","sticky":false,"template":"Default","format":"standard","meta":[],"categories":[1],"tags":[],"_links":{"self":[{"href":"https:\/\/microscopemedia.com\/index.php?rest_route=\/wp\/v2\/posts\/668615"}],"collection":[{"href":"https:\/\/microscopemedia.com\/index.php?rest_route=\/wp\/v2\/posts"}],"about":[{"href":"https:\/\/microscopemedia.com\/index.php?rest_route=\/wp\/v2\/types\/post"}],"author":[{"embeddable":true,"href":"https:\/\/microscopemedia.com\/index.php?rest_route=\/wp\/v2\/users\/1"}],"replies":[{"embeddable":true,"href":"https:\/\/microscopemedia.com\/index.php?rest_route=%2Fwp%2Fv2%2Fcomments&post=668615"}],"version-history":[{"count":0,"href":"https:\/\/microscopemedia.com\/index.php?rest_route=\/wp\/v2\/posts\/668615\/revisions"}],"wp:featuredmedia":[{"embeddable":true,"href":"https:\/\/microscopemedia.com\/index.php?rest_route=\/wp\/v2\/media\/668616"}],"wp:attachment":[{"href":"https:\/\/microscopemedia.com\/index.php?rest_route=%2Fwp%2Fv2%2Fmedia&parent=668615"}],"wp:term":[{"taxonomy":"category","embeddable":true,"href":"https:\/\/microscopemedia.com\/index.php?rest_route=%2Fwp%2Fv2%2Fcategories&post=668615"},{"taxonomy":"post_tag","embeddable":true,"href":"https:\/\/microscopemedia.com\/index.php?rest_route=%2Fwp%2Fv2%2Ftags&post=668615"}],"curies":[{"name":"wp","href":"https:\/\/api.w.org\/{rel}","templated":true}]}}