{"id":668619,"date":"2025-12-28T13:16:04","date_gmt":"2025-12-28T13:16:04","guid":{"rendered":"https:\/\/microscopemedia.com\/?p=668619"},"modified":"2025-12-28T13:16:04","modified_gmt":"2025-12-28T13:16:04","slug":"oana-gheorghiu-despre-reforma-statului-anul-viitor-va-incepe-confruntarea-reala-cu-rezistenta-la-schimbare-si-cu-pierderea-unor-privilegii","status":"publish","type":"post","link":"https:\/\/microscopemedia.com\/?p=668619","title":{"rendered":"Oana Gheorghiu, despre reforma statului: \u201eAnul viitor va \u00eencepe confruntarea real\u0103 cu rezisten\u021ba la schimbare \u0219i cu pierderea unor privilegii\u201d"},"content":{"rendered":"<div><img decoding=\"async\" src=\"https:\/\/microscopemedia.com\/wp-content\/uploads\/2025\/12\/oana-gheorghiu-despre-reforma-statului-anul-viitor-va-incepe-confruntarea-reala-cu-rezistenta-la-schimbare-si-cu-pierderea-unor-privilegii.jpg\" class=\"ff-og-image-inserted\"><\/div>\n<p id=\"p-0\">\u201e\u00cen ultimele dou\u0103 luni am avut peste 100 de \u00eent\u00e2lniri cu colegi din guvern, din ministere \u0219i institu\u021bii, cu reprezentan\u021bi ai marilor organisme interna\u021bionale, cu oameni de afaceri, bancheri, sindicate \u0219i consultan\u021bi\u201d, a scris Oana Gheorghiu.<\/p>\n<p data-start=\"962\" data-end=\"1036\" id=\"p-1\">Vicepremierul a precizat c\u0103 toate aceste \u00eent\u00e2lniri au avut ca element comun necesitatea unor schimb\u0103ri.<\/p>\n<p data-start=\"1038\" data-end=\"1343\" id=\"p-2\">\u201eToate au avut un punct comun: nevoia de schimbare. Unde suntem ast\u0103zi nu e bine. Nici pentru companii, nici pentru angaja\u021bi, nici pentru economie, nici pentru stat. Pentru prea mul\u021bi rom\u00e2ni, \u00abreforma\u00bb a devenit un cuv\u00e2nt rostit de fiecare guvern \u0219i sim\u021bit de foarte pu\u021bini. Am \u00eenceput acest proces. Suntem \u00eenc\u0103 la funda\u021bie, acea parte care nu se vede, dar f\u0103r\u0103 de care nicio construc\u021bie nu poate rezista. Este etapa cea mai grea: cea \u00een care punem reguli clare, criterii de performan\u021b\u0103 \u0219i mecanisme de guvernan\u021b\u0103 care s\u0103 fac\u0103 imposibil\u0103 risipa \u0219i comportamentul iresponsabil \u00een companiile statului\u201d, a precizat vicepremierul.<\/p>\n<h2 data-start=\"1038\" data-end=\"1343\" id=\"chapter-0\">\u201eCe s-a stricat \u00een ani sau zeci de ani nu se repar\u0103 \u00eentr-o lun\u0103 sau \u00eentr-un an\u201d<\/h2>\n<p data-start=\"1038\" data-end=\"1343\" id=\"p-3\">Vicepremierul a subliniat c\u0103 nu pot fi a\u0219teptate rezultate rapide \u0219i c\u0103 reforma este un proces de durat\u0103.<\/p>\n<p data-start=\"1038\" data-end=\"1343\" id=\"p-4\">\u201eNu promit miracole. Ce s-a stricat \u00een ani sau zeci de ani nu se repar\u0103 \u00eentr-o lun\u0103 sau \u00eentr-un an. Dar este vital ca ceea ce construim acum s\u0103 fie solid \u0219i ireversibil. Avem nevoie ca 2026 s\u0103 fie anul \u00een care reforma \u00eencepe s\u0103 se vad\u0103 concret: companii de stat care nu mai \u00eenghit bani f\u0103r\u0103 s\u0103 produc\u0103 nimic, directori care nu mai pleac\u0103 acas\u0103 cu prime dup\u0103 ani de pierderi, contracte f\u0103cute pentru performan\u021b\u0103, nu pentru prieteni\u201d, a subliniat Oana Gheorghiu.<\/p>\n<p data-start=\"1038\" data-end=\"1343\" id=\"p-5\">Oana Gheorghiu a ad\u0103ugat c\u0103 procesul va fi dificil \u0219i c\u0103 am\u00e2narea nu mai este o op\u021biune.<\/p>\n<p data-start=\"1038\" data-end=\"1343\" id=\"p-6\">\u201eNu va fi u\u0219or. Dar nici nu mai poate fi am\u00e2nat. Ani de pierderi acumulate, companii \u021binute artificial \u00een via\u021b\u0103 \u0219i oportunit\u0103\u021bi majore ratate ne-au adus aici. Alternativa la reform\u0103 nu este stabilitatea, ci continuarea declinului. Anul viitor va \u00eencepe confruntarea real\u0103 cu rezisten\u021ba la schimbare \u0219i cu pierderea unor privilegii. Va fi dificil \u0219i va fi inconfortabil. Dar suntem \u00eentr-un punct \u00een care am\u00e2narea nu mai este o op\u021biune. Fie schimb\u0103m acum regulile jocului, fie accept\u0103m ca urm\u0103torii ani s\u0103 fie doar o prelungire a aceluia\u0219i e\u0219ec\u201d, a scris vicepremierul.<\/p>\n<p data-start=\"1038\" data-end=\"1343\" id=\"p-7\">Oana Gheorghiu a fost numit\u0103 vicepremier de premierul Ilie Bolojan \u00een luna octombrie, cu atribu\u021bii \u00een reforma companiilor de stat.<\/p>\n","protected":false},"excerpt":{"rendered":"<p>\u201e\u00cen ultimele dou\u0103 luni am avut peste 100 de \u00eent\u00e2lniri cu colegi din guvern, din ministere \u0219i institu\u021bii, cu reprezentan\u021bi ai marilor organisme interna\u021bionale, cu oameni de afaceri, bancheri, sindicate &hellip; <a href=\"https:\/\/microscopemedia.com\/?p=668619\" class=\"more-link\">Read More<\/a><\/p>\n","protected":false},"author":1,"featured_media":668620,"comment_status":"closed","ping_status":"closed","sticky":false,"template":"Default","format":"standard","meta":[],"categories":[1],"tags":[],"_links":{"self":[{"href":"https:\/\/microscopemedia.com\/index.php?rest_route=\/wp\/v2\/posts\/668619"}],"collection":[{"href":"https:\/\/microscopemedia.com\/index.php?rest_route=\/wp\/v2\/posts"}],"about":[{"href":"https:\/\/microscopemedia.com\/index.php?rest_route=\/wp\/v2\/types\/post"}],"author":[{"embeddable":true,"href":"https:\/\/microscopemedia.com\/index.php?rest_route=\/wp\/v2\/users\/1"}],"replies":[{"embeddable":true,"href":"https:\/\/microscopemedia.com\/index.php?rest_route=%2Fwp%2Fv2%2Fcomments&post=668619"}],"version-history":[{"count":0,"href":"https:\/\/microscopemedia.com\/index.php?rest_route=\/wp\/v2\/posts\/668619\/revisions"}],"wp:featuredmedia":[{"embeddable":true,"href":"https:\/\/microscopemedia.com\/index.php?rest_route=\/wp\/v2\/media\/668620"}],"wp:attachment":[{"href":"https:\/\/microscopemedia.com\/index.php?rest_route=%2Fwp%2Fv2%2Fmedia&parent=668619"}],"wp:term":[{"taxonomy":"category","embeddable":true,"href":"https:\/\/microscopemedia.com\/index.php?rest_route=%2Fwp%2Fv2%2Fcategories&post=668619"},{"taxonomy":"post_tag","embeddable":true,"href":"https:\/\/microscopemedia.com\/index.php?rest_route=%2Fwp%2Fv2%2Ftags&post=668619"}],"curies":[{"name":"wp","href":"https:\/\/api.w.org\/{rel}","templated":true}]}}