{"id":668625,"date":"2025-12-28T13:56:04","date_gmt":"2025-12-28T13:56:04","guid":{"rendered":"https:\/\/microscopemedia.com\/?p=668625"},"modified":"2025-12-28T13:56:04","modified_gmt":"2025-12-28T13:56:04","slug":"ccr-nu-a-dat-decizia-pe-pensiile-magistratilor-din-cauza-lipsei-cvorumului-decizia-s-ar-putea-lua-luni","status":"publish","type":"post","link":"https:\/\/microscopemedia.com\/?p=668625","title":{"rendered":"CCR nu a dat decizia pe pensiile magistra\u021bilor din cauza lipsei cvorumului. Decizia s-ar putea lua luni"},"content":{"rendered":"<div><img decoding=\"async\" src=\"https:\/\/microscopemedia.com\/wp-content\/uploads\/2025\/12\/ccr-nu-a-dat-decizia-pe-pensiile-magistratilor-din-cauza-lipsei-cvorumului-decizia-s-ar-putea-lua-luni.jpg\" class=\"ff-og-image-inserted\"><\/div>\n<p id=\"p-0\">Curtea Constitu\u021bional\u0103 a decis, duminic\u0103, continuarea deliber\u0103rilor \u00een data de luni, 29 decembrie 2025, la ora 10,00, \u00een cazul obiec\u021biei de neconstitu\u021bionalitate a Legii pentru modificarea \u0219i completarea unor acte normative din domeniul pensiilor magistra\u021bilor, obiec\u021bie formulat\u0103 de \u00cenalta Curte de Casa\u021bie \u0219i Justi\u021bie.<\/p>\n<p id=\"p-1\">CCR transmite c\u0103 a am\u00e2nat decizia, constat\u00e2nd lipsa cvorumului \u00een cadrul \u0219edin\u021bei de deliberare intervenit\u0103 duminic\u0103, 28 decembrie 2025.<\/p>\n<p id=\"p-2\">Surse MEDIAFAX au declarat c\u0103 magistra\u021bii propu\u0219i de PSD au plecat din \u0219edin\u021b\u0103, astfel c\u0103 nu a fost cvorum pentru a fi luat\u0103 decizie.<\/p>\n<p id=\"p-3\">\u00cenalta Curte de Casa\u021bie \u0219i Justi\u021bie sesizase CCR cu privire la Legea pentru modificarea \u0219i completarea unor acte normative din domeniul pensiilor de serviciu.<\/p>\n<p id=\"p-4\">\u00cenalta Curte sus\u021binea c\u0103 legea \u201e\u00eencalc\u0103 independen\u021ba justi\u021biei\u201d \u0219i \u201eelimin\u0103 de facto pensia de serviciu pentru magistra\u021bi\u201d. Decizia fusese adoptat\u0103 \u00een unanimitate, 102 judec\u0103tori din 102 prezen\u021bi.<\/p>\n<p id=\"p-5\">Contesta\u021bia \u00cenaltei Cur\u021bi a venit dup\u0103 ce premierul Ilie Bolojan \u0219i-a asumat r\u0103spunderea \u00een Parlament pentru a doua form\u0103 a legii.<\/p>\n<p id=\"p-6\">Stabilirea pensiei la maxim 70% din ultimul salariu net. Cre\u0219terea vechimii \u00een munc\u0103 de la 25 de ani la 35 de ani. Cre\u0219terea v\u00e2rstei de pensionare de la 48-50 de ani la 65 de ani.<\/p>\n<p id=\"p-7\">Conform noilor prevederi, cuantumul pensiei ar urma s\u0103 fie de 55% din media indemniza\u021biilor brute din ultimii cinci ani, cu plafon de 70% din ultima indemniza\u021bie net\u0103.<\/p>\n<p id=\"p-8\">Perioada de tranzi\u021bie pentru pensiile magistra\u021bilor a crescut de la 10 la 15 ani, \u00eencep\u00e2nd cu 1 ianuarie 2026. \u00cen urm\u0103torii 15 ani, v\u00e2rsta de pensionare va cre\u0219te treptat cu c\u00e2te un an.<\/p>\n<p id=\"p-9\">\u00cen 2042, v\u00e2rsta de pensionare a magistra\u021bilor va ajunge la 65 de ani.<\/p>\n<p id=\"p-10\">CCR a dezb\u0103tut \u00een 10 decembrie sesizarea depus\u0103 de \u00cenalta Curte. Curtea Constitu\u021bional\u0103 a am\u00e2nat pronun\u021barea pentru 28 decembrie.<\/p>\n<p id=\"p-11\">&nbsp;<\/p>\n","protected":false},"excerpt":{"rendered":"<p>Curtea Constitu\u021bional\u0103 a decis, duminic\u0103, continuarea deliber\u0103rilor \u00een data de luni, 29 decembrie 2025, la ora 10,00, \u00een cazul obiec\u021biei de neconstitu\u021bionalitate a Legii pentru modificarea \u0219i completarea unor acte &hellip; <a href=\"https:\/\/microscopemedia.com\/?p=668625\" class=\"more-link\">Read More<\/a><\/p>\n","protected":false},"author":1,"featured_media":668626,"comment_status":"closed","ping_status":"closed","sticky":false,"template":"Default","format":"standard","meta":[],"categories":[1],"tags":[],"_links":{"self":[{"href":"https:\/\/microscopemedia.com\/index.php?rest_route=\/wp\/v2\/posts\/668625"}],"collection":[{"href":"https:\/\/microscopemedia.com\/index.php?rest_route=\/wp\/v2\/posts"}],"about":[{"href":"https:\/\/microscopemedia.com\/index.php?rest_route=\/wp\/v2\/types\/post"}],"author":[{"embeddable":true,"href":"https:\/\/microscopemedia.com\/index.php?rest_route=\/wp\/v2\/users\/1"}],"replies":[{"embeddable":true,"href":"https:\/\/microscopemedia.com\/index.php?rest_route=%2Fwp%2Fv2%2Fcomments&post=668625"}],"version-history":[{"count":0,"href":"https:\/\/microscopemedia.com\/index.php?rest_route=\/wp\/v2\/posts\/668625\/revisions"}],"wp:featuredmedia":[{"embeddable":true,"href":"https:\/\/microscopemedia.com\/index.php?rest_route=\/wp\/v2\/media\/668626"}],"wp:attachment":[{"href":"https:\/\/microscopemedia.com\/index.php?rest_route=%2Fwp%2Fv2%2Fmedia&parent=668625"}],"wp:term":[{"taxonomy":"category","embeddable":true,"href":"https:\/\/microscopemedia.com\/index.php?rest_route=%2Fwp%2Fv2%2Fcategories&post=668625"},{"taxonomy":"post_tag","embeddable":true,"href":"https:\/\/microscopemedia.com\/index.php?rest_route=%2Fwp%2Fv2%2Ftags&post=668625"}],"curies":[{"name":"wp","href":"https:\/\/api.w.org\/{rel}","templated":true}]}}