{"id":668631,"date":"2025-12-28T14:36:04","date_gmt":"2025-12-28T14:36:04","guid":{"rendered":"https:\/\/microscopemedia.com\/?p=668631"},"modified":"2025-12-28T14:36:04","modified_gmt":"2025-12-28T14:36:04","slug":"lavrov-uniunea-europeana-este-principalul-obstacol-in-calea-pacii-in-ucraina","status":"publish","type":"post","link":"https:\/\/microscopemedia.com\/?p=668631","title":{"rendered":"Lavrov: Uniunea European\u0103 este \u201eprincipalul obstacol \u00een calea p\u0103cii\u201d \u00een Ucraina"},"content":{"rendered":"<div><img decoding=\"async\" src=\"https:\/\/microscopemedia.com\/wp-content\/uploads\/2025\/12\/lavrov-uniunea-europeana-este-principalul-obstacol-in-calea-pacii-in-ucraina.jpg\" class=\"ff-og-image-inserted\"><\/div>\n<p data-start=\"66\" data-end=\"361\" id=\"p-0\">Uniunea European\u0103 reprezint\u0103 \u201eprincipalul obstacol \u00een calea p\u0103cii\u201d \u00een Ucraina, a declarat duminic\u0103 ministrul rus de externe, Serghei Lavrov, potrivit <a href=\"https:\/\/www.politico.eu\/article\/eu-main-obstacle-peace-ukraine-talks-says-russian-foreign-minister-lavrov\/\">POLITICO<\/a>.<\/p>\n<p data-start=\"66\" data-end=\"361\" id=\"p-1\">Afirma\u021bia a fost f\u0103cut\u0103 \u00eenaintea unei noi runde de discu\u021bii de pace \u00eentre pre\u0219edintele ucrainean Volodimir Zelenski \u0219i pre\u0219edintele american Donald Trump.<\/p>\n<p data-start=\"363\" data-end=\"510\" id=\"p-2\">\u00centr-un interviu acordat agen\u021biei de stat ruse TASS, Serghei Lavrov a spus c\u0103 Uniunea European\u0103 \u201enu ascunde faptul c\u0103 se preg\u0103te\u0219te s\u0103 lupte cu Rusia pe c\u00e2mpul de lupt\u0103\u201d.<\/p>\n<p data-start=\"512\" data-end=\"801\" id=\"p-3\">\u201eVedem c\u0103 regimul lui Zelenski \u0219i curatorii s\u0103i europeni nu sunt preg\u0103ti\u021bi s\u0103 se angajeze \u00een discu\u021bii constructive\u201d, a afirmat Lavrov. El a mai spus c\u0103 Rusia \u201eapreciaz\u0103 eforturile pre\u0219edintelui Statelor Unite, Donald Trump, \u0219i ale echipei sale pentru a ajunge la o solu\u021bionare a p\u0103cii\u201d.<\/p>\n<p data-start=\"803\" data-end=\"1186\" id=\"p-4\">Declara\u021biile ministrului rus au ap\u0103rut \u00een timp ce Volodimir Zelenski se deplasa spre Florida pentru o \u00eent\u00e2lnire cu Donald Trump la re\u0219edin\u021ba acestuia din Mar-a-Lago.<\/p>\n<p data-start=\"803\" data-end=\"1186\" id=\"p-5\">Discu\u021biile de ast\u0103zi vor viza reluarea negocierilor legate de propunerile de \u00eencetare a conflictului dintre Ucraina \u0219i Rusia. \u00cent\u00e2lnirea este programat\u0103 s\u0103 \u00eenceap\u0103 la ora 13:00, ora Floridei, respectiv 19:00, ora Bruxelles-ului.<\/p>\n<p data-start=\"1188\" data-end=\"1515\" id=\"p-6\">\u00cent\u00e2lnirea are loc dup\u0103 mai multe s\u0103pt\u0103m\u00e2ni de negocieri \u00eentre reprezentan\u021bi ai Statelor Unite, Ucrainei \u0219i Rusiei. Atunci, Trump a prezentat un plan de pace pe puncte, \u00een luna noiembrie.<\/p>\n<p data-start=\"1188\" data-end=\"1515\" id=\"p-7\">Ulterior, planul de pace a fost redus de la 28 de puncte la 20 de puncte, iar Volodimir Zelenski a prezentat detaliile jurnali\u0219tilor la Kiev s\u0103pt\u0103m\u00e2na trecut\u0103.<\/p>\n<p data-start=\"1517\" data-end=\"1700\" id=\"p-8\">S\u00e2mb\u0103t\u0103 diminea\u021b\u0103, Rusia a lansat unul dintre cele mai mari atacuri aeriene asupra Kievului din ultimele s\u0103pt\u0103m\u00e2ni. Potrivit agen\u021biei AP, atacurile au dus la moartea unei persoane.<\/p>\n<p data-start=\"1702\" data-end=\"1887\" data-is-last-node data-is-only-node id=\"p-9\">\u00cenaintea vizitei \u00een Statele Unite, Zelenski a avut discu\u021bii cu mai mul\u021bi lideri ai Uniunii Europene, \u00een cadrul unei \u00eent\u00e2lniri desf\u0103\u0219urate s\u00e2mb\u0103t\u0103 cu prim-ministrul canadian Mark Carney.<\/p>\n","protected":false},"excerpt":{"rendered":"<p>Uniunea European\u0103 reprezint\u0103 \u201eprincipalul obstacol \u00een calea p\u0103cii\u201d \u00een Ucraina, a declarat duminic\u0103 ministrul rus de externe, Serghei Lavrov, potrivit POLITICO. Afirma\u021bia a fost f\u0103cut\u0103 \u00eenaintea unei noi runde de &hellip; <a href=\"https:\/\/microscopemedia.com\/?p=668631\" class=\"more-link\">Read More<\/a><\/p>\n","protected":false},"author":1,"featured_media":668632,"comment_status":"closed","ping_status":"closed","sticky":false,"template":"Default","format":"standard","meta":[],"categories":[1],"tags":[],"_links":{"self":[{"href":"https:\/\/microscopemedia.com\/index.php?rest_route=\/wp\/v2\/posts\/668631"}],"collection":[{"href":"https:\/\/microscopemedia.com\/index.php?rest_route=\/wp\/v2\/posts"}],"about":[{"href":"https:\/\/microscopemedia.com\/index.php?rest_route=\/wp\/v2\/types\/post"}],"author":[{"embeddable":true,"href":"https:\/\/microscopemedia.com\/index.php?rest_route=\/wp\/v2\/users\/1"}],"replies":[{"embeddable":true,"href":"https:\/\/microscopemedia.com\/index.php?rest_route=%2Fwp%2Fv2%2Fcomments&post=668631"}],"version-history":[{"count":0,"href":"https:\/\/microscopemedia.com\/index.php?rest_route=\/wp\/v2\/posts\/668631\/revisions"}],"wp:featuredmedia":[{"embeddable":true,"href":"https:\/\/microscopemedia.com\/index.php?rest_route=\/wp\/v2\/media\/668632"}],"wp:attachment":[{"href":"https:\/\/microscopemedia.com\/index.php?rest_route=%2Fwp%2Fv2%2Fmedia&parent=668631"}],"wp:term":[{"taxonomy":"category","embeddable":true,"href":"https:\/\/microscopemedia.com\/index.php?rest_route=%2Fwp%2Fv2%2Fcategories&post=668631"},{"taxonomy":"post_tag","embeddable":true,"href":"https:\/\/microscopemedia.com\/index.php?rest_route=%2Fwp%2Fv2%2Ftags&post=668631"}],"curies":[{"name":"wp","href":"https:\/\/api.w.org\/{rel}","templated":true}]}}