{"id":668659,"date":"2025-12-28T17:46:04","date_gmt":"2025-12-28T17:46:04","guid":{"rendered":"https:\/\/microscopemedia.com\/?p=668659"},"modified":"2025-12-28T17:46:04","modified_gmt":"2025-12-28T17:46:04","slug":"o-furtuna-severa-afecteaza-fasia-gaza-si-agraveaza-situatia-persoanelor-stramutate","status":"publish","type":"post","link":"https:\/\/microscopemedia.com\/?p=668659","title":{"rendered":"O furtun\u0103 sever\u0103 afecteaz\u0103 F\u00e2\u0219ia Gaza \u0219i agraveaz\u0103 situa\u021bia persoanelor str\u0103mutate"},"content":{"rendered":"<p data-start=\"80\" data-end=\"334\" id=\"p-0\">O furtun\u0103 puternic\u0103 a lovit s\u00e2mb\u0103t\u0103 F\u00e2\u0219ia Gaza, aduc\u00e2nd ploi intense \u0219i v\u00e2nturi violente.<\/p>\n<p data-start=\"80\" data-end=\"334\" id=\"p-1\">Vremea a \u00eenr\u0103ut\u0103\u021bit condi\u021biile de trai pentru palestinienii care locuiesc \u00een corturi sau cl\u0103diri supraaglomerate, f\u0103r\u0103 protec\u021bie adecvat\u0103 \u00eempotriva vremii.<\/p>\n<div class=\"single__inline-gallery color-white mg-bottom-20 bg-black padding-5 md:rounded-10\">\n<div class=\"md:rounded-5 display-grid xs:grid-cols-2 grid-cols-3 gap-5\">\n<div class=\"single__inline-gallery-image relative column-span-2 row-span-2\">\n                <a href=\"https:\/\/www.mediafax.ro\/poze\/o-furtuna-severa-afecteaza-fasia-gaza-si-agraveaza-situatia-persoanelor-stramutate-23664432\"><br \/>\n                    <img decoding=\"async\" loading=\"lazy\" src=\"https:\/\/microscopemedia.com\/wp-content\/uploads\/2025\/12\/o-furtuna-severa-afecteaza-fasia-gaza-si-agraveaza-situatia-persoanelor-stramutate.jpg\" width=\"700\" height=\"450\"><br \/>\n                <\/a>\n                            <\/div>\n<div class=\"single__inline-gallery-image relative \">\n                <a href=\"https:\/\/www.mediafax.ro\/poze\/o-furtuna-severa-afecteaza-fasia-gaza-si-agraveaza-situatia-persoanelor-stramutate-23664432\"><br \/>\n                    <img decoding=\"async\" loading=\"lazy\" src=\"https:\/\/microscopemedia.com\/wp-content\/uploads\/2025\/12\/o-furtuna-severa-afecteaza-fasia-gaza-si-agraveaza-situatia-persoanelor-stramutate-1.jpg\" width=\"700\" height=\"450\"><br \/>\n                <\/a>\n                            <\/div>\n<\/p><\/div>\n<\/p><\/div>\n<p data-start=\"336\" data-end=\"640\" id=\"p-2\">Potrivit meteorologului Laith al-Allami, este al treilea sistem de joas\u0103 presiune care ajunge \u00een teritoriile palestiniene \u00een aceast\u0103 iarn\u0103.<\/p>\n<p data-start=\"336\" data-end=\"640\" id=\"p-3\">Fenomenul a \u00eenceput s\u00e2mb\u0103t\u0103 dup\u0103-amiaz\u0103 \u0219i este a\u0219teptat s\u0103 dureze p\u00e2n\u0103 duminic\u0103 seara. Un alt front atmosferic este prognozat pentru \u00eenceputul s\u0103pt\u0103m\u00e2nii viitoare.<\/p>\n<p data-start=\"642\" data-end=\"1081\" id=\"p-4\">Meteorologul a precizat c\u0103 furtuna se va intensifica, chiar dac\u0103 cantitatea total\u0103 de precipita\u021bii va fi mai mic\u0103 dec\u00e2t la episodul similar de acum dou\u0103 s\u0103pt\u0103m\u00e2ni.<\/p>\n<p data-start=\"642\" data-end=\"1081\" id=\"p-5\">Rafalele de v\u00e2nt pot ajunge la viteze de 70-80 de kilometri pe or\u0103, iar ploile pot deveni toren\u021biale pe alocuri, cu episoade de grindin\u0103. Temperaturile vor cobor\u00ee seara p\u00e2n\u0103 la aproximativ 10\u02daC.<\/p>\n<p data-start=\"1083\" data-end=\"1351\" id=\"p-6\">Allami a avertizat c\u0103 exist\u0103 un risc crescut de inunda\u021bii rapide, care pot afecta taberele de refugia\u021bi \u0219i pot provoca pr\u0103bu\u0219irea unor ziduri sau cl\u0103diri deja avariate.<\/p>\n<p data-start=\"1083\" data-end=\"1351\" id=\"p-7\">V\u00e2nturile puternice pot duce \u0219i la c\u0103derea structurilor sl\u0103bite de bombardamentele din ultimii ani.<\/p>\n<p data-start=\"1353\" data-end=\"1630\" id=\"p-8\">El a recomandat locuitorilor s\u0103 \u00ee\u0219i asigure corturile, s\u0103 creeze \u0219an\u021buri pentru scurgerea apei, s\u0103 adauge materiale izolatoare \u0219i s\u0103 ridice bunurile de la sol.<\/p>\n<p data-start=\"1353\" data-end=\"1630\" id=\"p-9\">De asemenea, acesta a sugerat ca oamenii s\u0103 doarm\u0103 \u00een zone mai \u00eenalte \u0219i s\u0103 poarte haine groase pentru a face fa\u021b\u0103 frigului.<\/p>\n<div class=\"flex flex-col text-sm pb-25\">\n<article class=\"text-token-text-primary w-full focus:outline-none [--shadow-height:45px] has-data-writing-block:pointer-events-none has-data-writing-block:-mt-(--shadow-height) has-data-writing-block:pt-(--shadow-height) [&amp;:has([data-writing-block])>*]:pointer-events-auto scroll-mt-[calc(var(&#8211;header-height)+min(200px,max(70px,20svh)))]&#8221; dir=&#8221;auto&#8221; tabindex=&#8221;-1&#8243; data-turn-id=&#8221;request-694fea5b-3e2c-8329-b6eb-cdf7b01cc51b-11&#8243; data-testid=&#8221;conversation-turn-68&#8243; data-scroll-anchor=&#8221;true&#8221; data-turn=&#8221;assistant&#8221;><\/p>\n<div class=\"text-base my-auto mx-auto pb-10 [--thread-content-margin:--spacing(4)] @w-sm\/main:[--thread-content-margin:--spacing(6)] @w-lg\/main:[--thread-content-margin:--spacing(16)] px-(--thread-content-margin)\">\n<div class=\"[--thread-content-max-width:40rem] @w-lg\/main:[--thread-content-max-width:48rem] mx-auto max-w-(--thread-content-max-width) flex-1 group\/turn-messages focus-visible:outline-hidden relative flex w-full min-w-0 flex-col agent-turn\" tabindex=\"-1\">\n<div class=\"flex max-w-full flex-col grow\">\n<div class=\"min-h-8 text-message relative flex w-full flex-col items-end gap-2 text-start break-words whitespace-normal [.text-message+&amp;]:mt-1\" dir=\"auto\" data-message-author-role=\"assistant\" data-message-id=\"b11deef0-70db-40a8-8751-ae15aa0327c3\" data-message-model-slug=\"gpt-5-2\">\n<div class=\"flex w-full flex-col gap-1 empty:hidden first:pt-[1px]\" readability=\"15.5\">\n<div class=\"markdown prose dark:prose-invert w-full break-words light markdown-new-styling\" readability=\"26\">\n<p data-start=\"1632\" data-end=\"2016\" id=\"p-10\">De la \u00eenceputul lunii decembrie, vremea sever\u0103 a provocat moartea a 17 persoane, printre care patru copii, scrie Daily Sabah.<\/p>\n<p data-start=\"1632\" data-end=\"2016\" id=\"p-11\">Aproape 90% dintre ad\u0103posturile pentru str\u0103muta\u021bi au fost inundate, potrivit ap\u0103r\u0103rii civile din Gaza. Peste 250.000 de persoane au fost afectate de furtunile de iarn\u0103, dintr-un total de aproximativ 1,5 milioane de oameni care tr\u0103iesc \u00een corturi sau ad\u0103posturi improvizate.<\/p>\n<p data-start=\"2018\" data-end=\"2269\" id=\"p-12\">Numeroase cl\u0103diri reziden\u021biale, deja avariate de atacuri aeriene, s-au pr\u0103bu\u0219it din cauza ploii \u0219i a v\u00e2ntului. \u00cen lipsa materialelor de construc\u021bie \u0219i a locuin\u021belor mobile, multe familii se ad\u0103postesc \u00een structuri instabile, cu risc ridicat de colaps.<\/p>\n<\/div>\n<\/div>\n<\/div>\n<\/div>\n<\/div>\n<\/div>\n<\/article>\n<\/div>\n","protected":false},"excerpt":{"rendered":"<p>O furtun\u0103 puternic\u0103 a lovit s\u00e2mb\u0103t\u0103 F\u00e2\u0219ia Gaza, aduc\u00e2nd ploi intense \u0219i v\u00e2nturi violente. Vremea a \u00eenr\u0103ut\u0103\u021bit condi\u021biile de trai pentru palestinienii care locuiesc \u00een corturi sau cl\u0103diri supraaglomerate, f\u0103r\u0103 &hellip; <a href=\"https:\/\/microscopemedia.com\/?p=668659\" class=\"more-link\">Read More<\/a><\/p>\n","protected":false},"author":1,"featured_media":668660,"comment_status":"closed","ping_status":"closed","sticky":false,"template":"Default","format":"standard","meta":[],"categories":[1],"tags":[],"_links":{"self":[{"href":"https:\/\/microscopemedia.com\/index.php?rest_route=\/wp\/v2\/posts\/668659"}],"collection":[{"href":"https:\/\/microscopemedia.com\/index.php?rest_route=\/wp\/v2\/posts"}],"about":[{"href":"https:\/\/microscopemedia.com\/index.php?rest_route=\/wp\/v2\/types\/post"}],"author":[{"embeddable":true,"href":"https:\/\/microscopemedia.com\/index.php?rest_route=\/wp\/v2\/users\/1"}],"replies":[{"embeddable":true,"href":"https:\/\/microscopemedia.com\/index.php?rest_route=%2Fwp%2Fv2%2Fcomments&post=668659"}],"version-history":[{"count":0,"href":"https:\/\/microscopemedia.com\/index.php?rest_route=\/wp\/v2\/posts\/668659\/revisions"}],"wp:featuredmedia":[{"embeddable":true,"href":"https:\/\/microscopemedia.com\/index.php?rest_route=\/wp\/v2\/media\/668660"}],"wp:attachment":[{"href":"https:\/\/microscopemedia.com\/index.php?rest_route=%2Fwp%2Fv2%2Fmedia&parent=668659"}],"wp:term":[{"taxonomy":"category","embeddable":true,"href":"https:\/\/microscopemedia.com\/index.php?rest_route=%2Fwp%2Fv2%2Fcategories&post=668659"},{"taxonomy":"post_tag","embeddable":true,"href":"https:\/\/microscopemedia.com\/index.php?rest_route=%2Fwp%2Fv2%2Ftags&post=668659"}],"curies":[{"name":"wp","href":"https:\/\/api.w.org\/{rel}","templated":true}]}}