{"id":668689,"date":"2025-12-28T21:46:05","date_gmt":"2025-12-28T21:46:05","guid":{"rendered":"https:\/\/microscopemedia.com\/?p=668689"},"modified":"2025-12-28T21:46:05","modified_gmt":"2025-12-28T21:46:05","slug":"partidul-de-guvernamant-din-kosovo-se-pregateste-sa-castige-alegerile-dupa-un-impas-politic-indelungat","status":"publish","type":"post","link":"https:\/\/microscopemedia.com\/?p=668689","title":{"rendered":"Partidul de guvern\u0103m\u00e2nt din Kosovo se preg\u0103te\u0219te s\u0103 c\u00e2\u0219tige alegerile dup\u0103 un impas politic \u00eendelungat"},"content":{"rendered":"<div><img decoding=\"async\" src=\"https:\/\/microscopemedia.com\/wp-content\/uploads\/2025\/12\/partidul-de-guvernamant-din-kosovo-se-pregateste-sa-castige-alegerile-dupa-un-impas-politic-indelungat.jpg\" class=\"ff-og-image-inserted\"><\/div>\n<p data-start=\"89\" data-end=\"360\" id=\"p-0\">Partidul condus de prim-ministrul Albin Kurti se afl\u0103 \u00een fruntea alegerilor din Kosovo de duminic\u0103, scrie <a href=\"https:\/\/www.reuters.com\/world\/kosovo-votes-bid-end-year-long-political-impasse-2025-12-28\/\">Reuters<\/a>.<\/p>\n<p data-start=\"89\" data-end=\"360\" id=\"p-1\">Cu toate acestea, nu este clar dac\u0103 va ob\u021bine suficiente mandate pentru a dep\u0103\u0219i impasul politic de un an care a blocat parlamentul \u0219i a \u00eent\u00e2rziat importante finan\u021b\u0103ri interna\u021bionale.<\/p>\n<p data-start=\"362\" data-end=\"613\" id=\"p-2\">Votul este al doilea din acest an, dup\u0103 ce partidul Vetevendosje nu a reu\u0219it s\u0103 ob\u021bin\u0103 majoritatea \u00een februarie. Nerealizarea unei coali\u021bii l-a determinat pe pre\u0219edintele Vjosa Osmani s\u0103 dizolve parlamentul \u00een noiembrie \u0219i s\u0103 convoace alegeri anticipate.<\/p>\n<p data-start=\"615\" data-end=\"1000\" id=\"p-3\">Exit poll-urile difuzate de televiziunea Dukagjini imediat dup\u0103 \u00eenchiderea sec\u021biilor de votare la ora 19:00 (18:00 GMT) arat\u0103 c\u0103 partidul lui Kurti ar fi c\u00e2\u0219tigat 45,7% din voturi.<\/p>\n<p data-start=\"615\" data-end=\"1000\" id=\"p-4\">Cu toate astea, ob\u021binerea celor 61 de locuri necesare pentru a guverna singur pare pu\u021bin probabil\u0103. Partidele principale de opozi\u021bie, Partidul Democrat \u0219i Liga Democrat\u0103, au ob\u021binut 22%, respectiv 15,6% din voturi.<\/p>\n<p data-start=\"1002\" data-end=\"1228\" id=\"p-5\">\u201eVoin\u021ba cet\u0103\u021benilor este acum \u00een urne. P\u0103strarea acestei voin\u021be este esen\u021bial\u0103 pentru legitimitatea \u0219i credibilitatea procesului electoral\u201d, a declarat Albin Kurti \u00eentr-un mesaj video dup\u0103 publicarea rezultatelor exit poll-urilor.<\/p>\n<p data-start=\"1230\" data-end=\"1533\" id=\"p-6\">Nerealizarea unui guvern func\u021bional ar prelungi criza actual\u0103, din motiv c\u0103 legislatorii trebuie s\u0103 aleag\u0103 un nou pre\u0219edinte \u00een aprilie \u0219i s\u0103 aprobe acorduri de \u00eemprumut de 1 miliard de euro (1,2 miliarde de dolari) de la Uniunea European\u0103 \u0219i Banca Mondial\u0103, care expir\u0103 \u00een lunile urm\u0103toare.<\/p>\n<p data-start=\"1535\" data-end=\"1760\" id=\"p-7\">\u00cen acela\u0219i timp, partidele de opozi\u021bie refuz\u0103 s\u0103 guverneze cu Albin Kurti.<\/p>\n<p data-start=\"1535\" data-end=\"1760\" id=\"p-8\">Motivul este modul s\u0103u de a gestiona rela\u021biile cu alia\u021bii occidentali \u0219i modul \u00een care abordeaz\u0103 nordul Kosovo, locuit de minoritatea s\u00e2rb\u0103. Kurti acuz\u0103 opozi\u021bia pentru impasul politic.<\/p>\n<p data-start=\"1762\" data-end=\"2089\" id=\"p-9\">Pentru a c\u00e2\u0219tiga sprijinul aleg\u0103torilor, Kurti a promis un salariu suplimentar anual pentru angaja\u021bii din sectorul public, investi\u021bii de capital de 1 miliard de euro \u0219i o nou\u0103 unitate pentru combaterea crimei organizate.<\/p>\n","protected":false},"excerpt":{"rendered":"<p>Partidul condus de prim-ministrul Albin Kurti se afl\u0103 \u00een fruntea alegerilor din Kosovo de duminic\u0103, scrie Reuters. Cu toate acestea, nu este clar dac\u0103 va ob\u021bine suficiente mandate pentru a &hellip; <a href=\"https:\/\/microscopemedia.com\/?p=668689\" class=\"more-link\">Read More<\/a><\/p>\n","protected":false},"author":1,"featured_media":668690,"comment_status":"closed","ping_status":"closed","sticky":false,"template":"Default","format":"standard","meta":[],"categories":[1],"tags":[],"_links":{"self":[{"href":"https:\/\/microscopemedia.com\/index.php?rest_route=\/wp\/v2\/posts\/668689"}],"collection":[{"href":"https:\/\/microscopemedia.com\/index.php?rest_route=\/wp\/v2\/posts"}],"about":[{"href":"https:\/\/microscopemedia.com\/index.php?rest_route=\/wp\/v2\/types\/post"}],"author":[{"embeddable":true,"href":"https:\/\/microscopemedia.com\/index.php?rest_route=\/wp\/v2\/users\/1"}],"replies":[{"embeddable":true,"href":"https:\/\/microscopemedia.com\/index.php?rest_route=%2Fwp%2Fv2%2Fcomments&post=668689"}],"version-history":[{"count":0,"href":"https:\/\/microscopemedia.com\/index.php?rest_route=\/wp\/v2\/posts\/668689\/revisions"}],"wp:featuredmedia":[{"embeddable":true,"href":"https:\/\/microscopemedia.com\/index.php?rest_route=\/wp\/v2\/media\/668690"}],"wp:attachment":[{"href":"https:\/\/microscopemedia.com\/index.php?rest_route=%2Fwp%2Fv2%2Fmedia&parent=668689"}],"wp:term":[{"taxonomy":"category","embeddable":true,"href":"https:\/\/microscopemedia.com\/index.php?rest_route=%2Fwp%2Fv2%2Fcategories&post=668689"},{"taxonomy":"post_tag","embeddable":true,"href":"https:\/\/microscopemedia.com\/index.php?rest_route=%2Fwp%2Fv2%2Ftags&post=668689"}],"curies":[{"name":"wp","href":"https:\/\/api.w.org\/{rel}","templated":true}]}}