{"id":668691,"date":"2025-12-28T21:56:04","date_gmt":"2025-12-28T21:56:04","guid":{"rendered":"https:\/\/microscopemedia.com\/?p=668691"},"modified":"2025-12-28T21:56:04","modified_gmt":"2025-12-28T21:56:04","slug":"putin-si-trump-nu-sustin-ideea-unui-armistitiu-temporar-afirma-kremlinul-nu-face-decat-sa-prelungeasca-conflictul","status":"publish","type":"post","link":"https:\/\/microscopemedia.com\/?p=668691","title":{"rendered":"Putin \u0219i Trump nu sus\u021bin ideea unui armisti\u021biu temporar, afirm\u0103 Kremlinul: \u201eNu face dec\u00e2t s\u0103 prelungeasc\u0103 conflictul\u201d"},"content":{"rendered":"<div><img decoding=\"async\" src=\"https:\/\/microscopemedia.com\/wp-content\/uploads\/2025\/12\/putin-si-trump-nu-sustin-ideea-unui-armistitiu-temporar-afirma-kremlinul-nu-face-decat-sa-prelungeasca-conflictul.jpg\" class=\"ff-og-image-inserted\"><\/div>\n<p id=\"p-0\">Consilierul pentru politic\u0103 extern\u0103 al Kremlinului, Yuri U\u0219akov, a declarat, duminic\u0103, faptul c\u0103 un armisti\u021biu temporar, propus de ucraineni \u0219i europeni, nu este sus\u021binut de pre\u0219edin\u021bii Vladimir Putin \u0219i Donald Trump.<\/p>\n<p id=\"p-1\">\u201ePrincipalul lucru este c\u0103 pre\u0219edin\u021bii Rusiei \u0219i Statelor Unite au opinii similare, \u0219i anume c\u0103 op\u021biunea unui armisti\u021biu temporar, propus\u0103 de ucraineni \u0219i europeni sub pretextul preg\u0103tirii unui referendum sau sub alte pretexte, nu face dec\u00e2t s\u0103 prelungeasc\u0103 conflictul \u0219i s\u0103 duc\u0103 la reluarea ostilit\u0103\u021bilor\u201d, a declarat U\u0219akov, potrivit <span><a href=\"https:\/\/www.reuters.com\/world\/china\/putin-trump-do-not-support-european-ukrainian-temporary-ceasefire-idea-kremlin-2025-12-28\/\" target=\"_blank\" rel=\"noopener\">Reuters<\/a><\/span> \u0219i Sky News.<\/p>\n<p id=\"p-2\">U\u0219akov mai sus\u021bine c\u0103, pentru ca ostilit\u0103\u021bile s\u0103 \u00eenceteze, Kievul trebuie s\u0103 ia o \u201edecizie curajoas\u0103\u201d, \u00een conformitate cu discu\u021biile dintre Rusia \u0219i SUA privind Donbasul.<\/p>\n<p id=\"p-3\">\u201eAv\u00e2nd \u00een vedere situa\u021bia actual\u0103 de pe fronturi, ar fi logic ca regimul ucrainean s\u0103 ia aceast\u0103 decizie privind Donbasul\u201d, a spus U\u0219akov, potrivit sursei citate.<\/p>\n<p id=\"p-4\">Comentariile lui U\u0219akov au avut loc \u00een contextul \u00een care duminic\u0103, <span><a href=\"https:\/\/www.mediafax.ro\/externe\/trump-a-vorbit-la-telefon-cu-putin-inainte-de-intalnirea-cu-zelenski-o-conversatie-foarte-productiva-23664422\">Trump a vorbit la telefon cu Putin<\/a><\/span> timp de o or\u0103 \u0219i 15 minute. Apelul a avut loc \u00eenainte ca Trump s\u0103 se vad\u0103 cu Zelenski la <span><a href=\"https:\/\/www.mediafax.ro\/politic\/volodimir-zelenski-imbracat-in-costum-a-ajuns-la-mar-a-lago-si-a-fost-intampinat-de-donald-trump-23664445\">Mar-a-Lago<\/a> <\/span>pentru discu\u021bii privind planul de pace \u00een 20 de puncte.<\/p>\n<p id=\"p-5\">\u00cen prezent, Rusia controleaz\u0103 90% din Donbas \u0219i dore\u0219te ca Ucraina s\u0103-\u0219i retrag\u0103 for\u021bele din 10% din zona pe care for\u021bele de la Kiev o controleaz\u0103 \u00eenc\u0103. \u00cen total, Rusia controleaz\u0103 aproximativ o cincime din teritoriul Ucrainei.<\/p>\n","protected":false},"excerpt":{"rendered":"<p>Consilierul pentru politic\u0103 extern\u0103 al Kremlinului, Yuri U\u0219akov, a declarat, duminic\u0103, faptul c\u0103 un armisti\u021biu temporar, propus de ucraineni \u0219i europeni, nu este sus\u021binut de pre\u0219edin\u021bii Vladimir Putin \u0219i Donald &hellip; <a href=\"https:\/\/microscopemedia.com\/?p=668691\" class=\"more-link\">Read More<\/a><\/p>\n","protected":false},"author":1,"featured_media":668692,"comment_status":"closed","ping_status":"closed","sticky":false,"template":"Default","format":"standard","meta":[],"categories":[1],"tags":[],"_links":{"self":[{"href":"https:\/\/microscopemedia.com\/index.php?rest_route=\/wp\/v2\/posts\/668691"}],"collection":[{"href":"https:\/\/microscopemedia.com\/index.php?rest_route=\/wp\/v2\/posts"}],"about":[{"href":"https:\/\/microscopemedia.com\/index.php?rest_route=\/wp\/v2\/types\/post"}],"author":[{"embeddable":true,"href":"https:\/\/microscopemedia.com\/index.php?rest_route=\/wp\/v2\/users\/1"}],"replies":[{"embeddable":true,"href":"https:\/\/microscopemedia.com\/index.php?rest_route=%2Fwp%2Fv2%2Fcomments&post=668691"}],"version-history":[{"count":0,"href":"https:\/\/microscopemedia.com\/index.php?rest_route=\/wp\/v2\/posts\/668691\/revisions"}],"wp:featuredmedia":[{"embeddable":true,"href":"https:\/\/microscopemedia.com\/index.php?rest_route=\/wp\/v2\/media\/668692"}],"wp:attachment":[{"href":"https:\/\/microscopemedia.com\/index.php?rest_route=%2Fwp%2Fv2%2Fmedia&parent=668691"}],"wp:term":[{"taxonomy":"category","embeddable":true,"href":"https:\/\/microscopemedia.com\/index.php?rest_route=%2Fwp%2Fv2%2Fcategories&post=668691"},{"taxonomy":"post_tag","embeddable":true,"href":"https:\/\/microscopemedia.com\/index.php?rest_route=%2Fwp%2Fv2%2Ftags&post=668691"}],"curies":[{"name":"wp","href":"https:\/\/api.w.org\/{rel}","templated":true}]}}