{"id":668719,"date":"2025-12-29T05:56:05","date_gmt":"2025-12-29T05:56:05","guid":{"rendered":"https:\/\/microscopemedia.com\/?p=668719"},"modified":"2025-12-29T05:56:05","modified_gmt":"2025-12-29T05:56:05","slug":"ccr-reia-astazi-dezbaterile-privind-pensiile-magistratilor","status":"publish","type":"post","link":"https:\/\/microscopemedia.com\/?p=668719","title":{"rendered":"CCR reia ast\u0103zi dezbaterile privind pensiile magistra\u021bilor"},"content":{"rendered":"<div><img decoding=\"async\" src=\"https:\/\/microscopemedia.com\/wp-content\/uploads\/2025\/12\/ccr-reia-astazi-dezbaterile-privind-pensiile-magistratilor.jpg\" class=\"ff-og-image-inserted\"><\/div>\n<p data-start=\"84\" data-end=\"486\" id=\"p-0\">Actul normativ vizeaz\u0103 schimb\u0103ri majore \u00een ceea ce prive\u0219te pensiile speciale ale magistra\u021bilor.<\/p>\n<p data-start=\"488\" data-end=\"922\" id=\"p-1\">Sesizarea a fost transmis\u0103 CCR dup\u0103 ce premierul Ilie Bolojan \u0219i-a asumat r\u0103spunderea \u00een Parlament pentru a doua variant\u0103 a proiectului de lege. Judec\u0103torii \u00cenaltei Cur\u021bi au decis \u00een unanimitate s\u0103 conteste actul normativ, sus\u021bin\u00e2nd c\u0103 noile reglement\u0103ri afecteaz\u0103 independen\u021ba justi\u021biei \u0219i conduc, \u00een fapt, la desfiin\u021barea pensiei de serviciu pentru magistra\u021bi. Decizia a fost adoptat\u0103 cu votul tuturor celor 102 judec\u0103tori prezen\u021bi.<\/p>\n<p data-start=\"924\" data-end=\"1113\" id=\"p-2\">Prima form\u0103 a legii privind pensiile magistra\u021bilor a fost respins\u0103 de Curtea Constitu\u021bional\u0103 pe 20 octombrie, motivarea fiind legat\u0103 de lipsa avizului Consiliului Superior al Magistraturii.<\/p>\n<p data-start=\"1115\" data-end=\"1545\" id=\"p-3\">Proiectul de reform\u0103 aflat \u00een prezent \u00een analiza CCR prevede modificarea modului de calcul al pensiei, aceasta urm\u00e2nd s\u0103 reprezinte 55% din media indemniza\u021biilor brute \u00eencasate \u00een ultimii cinci ani de activitate, cu un plafon de maximum 70% din ultima indemniza\u021bie net\u0103. Totodat\u0103, este propus\u0103 cre\u0219terea vechimii minime necesare pentru pensionare de la 25 la 35 de ani, precum \u0219i majorarea v\u00e2rstei de pensionare p\u00e2n\u0103 la 65 de ani.<\/p>\n<p data-start=\"1547\" data-end=\"1844\" id=\"p-4\">Aplicarea noilor reguli ar urma s\u0103 se fac\u0103 etapizat. Perioada de tranzi\u021bie este stabilit\u0103 la 15 ani, \u00eencep\u00e2nd cu 1 ianuarie 2026, timp \u00een care v\u00e2rsta de pensionare va cre\u0219te gradual, cu c\u00e2te un an. Conform proiectului, \u00een anul 2042, magistra\u021bii ar urma s\u0103 se poat\u0103 pensiona la v\u00e2rsta de 65 de ani.<\/p>\n<p data-start=\"1846\" data-end=\"2188\" data-is-last-node data-is-only-node id=\"p-5\">Curtea Constitu\u021bional\u0103 a intrat \u00een dezbaterea legii \u0219i \u00een cursul zilei de ieri, \u00eens\u0103 pronun\u021barea unei decizii a fost am\u00e2nat\u0103.<\/p>\n<p data-start=\"1846\" data-end=\"2188\" data-is-last-node data-is-only-node id=\"p-6\">La un moment dat, dezbaterile au fost suspendate temporar, iar ulterior \u0219edin\u021ba <a href=\"https:\/\/www.mediafax.ro\/justitie\/ccr-amana-decizia-privind-pensiile-magistratilor-pentru-luni-23664291\">nu a mai putut continua din cauza lipsei cvorumului<\/a>, dup\u0103 ce judec\u0103tori propu\u0219i de PSD ar fi p\u0103r\u0103sit sala.<\/p>\n","protected":false},"excerpt":{"rendered":"<p>Actul normativ vizeaz\u0103 schimb\u0103ri majore \u00een ceea ce prive\u0219te pensiile speciale ale magistra\u021bilor. Sesizarea a fost transmis\u0103 CCR dup\u0103 ce premierul Ilie Bolojan \u0219i-a asumat r\u0103spunderea \u00een Parlament pentru a &hellip; <a href=\"https:\/\/microscopemedia.com\/?p=668719\" class=\"more-link\">Read More<\/a><\/p>\n","protected":false},"author":1,"featured_media":668720,"comment_status":"closed","ping_status":"closed","sticky":false,"template":"Default","format":"standard","meta":[],"categories":[1],"tags":[],"_links":{"self":[{"href":"https:\/\/microscopemedia.com\/index.php?rest_route=\/wp\/v2\/posts\/668719"}],"collection":[{"href":"https:\/\/microscopemedia.com\/index.php?rest_route=\/wp\/v2\/posts"}],"about":[{"href":"https:\/\/microscopemedia.com\/index.php?rest_route=\/wp\/v2\/types\/post"}],"author":[{"embeddable":true,"href":"https:\/\/microscopemedia.com\/index.php?rest_route=\/wp\/v2\/users\/1"}],"replies":[{"embeddable":true,"href":"https:\/\/microscopemedia.com\/index.php?rest_route=%2Fwp%2Fv2%2Fcomments&post=668719"}],"version-history":[{"count":0,"href":"https:\/\/microscopemedia.com\/index.php?rest_route=\/wp\/v2\/posts\/668719\/revisions"}],"wp:featuredmedia":[{"embeddable":true,"href":"https:\/\/microscopemedia.com\/index.php?rest_route=\/wp\/v2\/media\/668720"}],"wp:attachment":[{"href":"https:\/\/microscopemedia.com\/index.php?rest_route=%2Fwp%2Fv2%2Fmedia&parent=668719"}],"wp:term":[{"taxonomy":"category","embeddable":true,"href":"https:\/\/microscopemedia.com\/index.php?rest_route=%2Fwp%2Fv2%2Fcategories&post=668719"},{"taxonomy":"post_tag","embeddable":true,"href":"https:\/\/microscopemedia.com\/index.php?rest_route=%2Fwp%2Fv2%2Ftags&post=668719"}],"curies":[{"name":"wp","href":"https:\/\/api.w.org\/{rel}","templated":true}]}}