{"id":668771,"date":"2025-12-29T11:26:04","date_gmt":"2025-12-29T11:26:04","guid":{"rendered":"https:\/\/microscopemedia.com\/?p=668771"},"modified":"2025-12-29T11:26:04","modified_gmt":"2025-12-29T11:26:04","slug":"fiul-lui-ionel-ganea-marginalizat-in-ungaria-nu-a-primit-sanse-pentru-ca-este-roman-spune-fostul-international","status":"publish","type":"post","link":"https:\/\/microscopemedia.com\/?p=668771","title":{"rendered":"Fiul lui Ionel Ganea, marginalizat \u00een Ungaria. \u201eNu a primit \u0219anse pentru c\u0103 este rom\u00e2n\u201d, spune fostul interna\u021bional"},"content":{"rendered":"<div><img decoding=\"async\" src=\"https:\/\/microscopemedia.com\/wp-content\/uploads\/2025\/12\/fiul-lui-ionel-ganea-marginalizat-in-ungaria-nu-a-primit-sanse-pentru-ca-este-roman-spune-fostul-international.jpg\" class=\"ff-og-image-inserted\"><\/div>\n<p align=\"justify\" id=\"p-0\">Fiul fostului interna\u021bional Ionel Ganea, George D\u0103nu\u021b Ganea, sus\u021bine c\u0103 deciziile luate \u00een cazul s\u0103u la \u00dajpest FC, forma\u021bie din prima lig\u0103 a Ungariei, nu au fost exclusiv de ordin profesional. Fotbalistul rom\u00e2n, \u00een v\u00e2rst\u0103 de 26 de ani, care \u0219i-a reziliat recent contractul cu forma\u021bia din Budapesta, spune c\u0103, \u00een ciuda faptului c\u0103 a fost mereu disponibil, nu a primit niciodat\u0103 o \u0219ans\u0103 real\u0103 de a se impune.<\/p>\n<p align=\"justify\" id=\"p-1\">\u201eAm f\u0103cut tot ce a \u021binut de mine. Am ar\u0103tat mereu c\u0103 sunt disponibil, dar, din p\u0103cate, nu a fost vorba doar de lucruri profesionale. Simt c\u0103 au existat \u0219i al\u021bi factori\u201d, a declarat atacantul, potrivit publica\u021biei <a href=\"https:\/\/www.csakfoci.hu\/magyar-foci\/megsertodott-az-ujpestrol-elkuldott-roman-jatekos-nem-hiszem-hogy-ez-az-en-hibam-lett-volna\" target=\"_blank\" rel=\"noopener\">Csakfoci.hu<\/a>.<\/p>\n<h2 id=\"chapter-0\">Ganea, un an pierdut din cauza accident\u0103rii<\/h2>\n<p id=\"p-2\">D\u0103nu\u021b Ganea a evoluat timp de dou\u0103 sezoane \u0219i jum\u0103tate la \u00dajpest. \u00cen aceast\u0103 perioad\u0103 a bifat 37 de apari\u021bii oficiale \u0219i patru pase decisive pentru echipa violet-alb\u0103. \u00cen prim\u0103vara anului 2024, cariera sa a fost serios afectat\u0103 de o accidentare grav\u0103 \u2013 o ruptur\u0103 de ligamente la genunchiul drept \u2013 care l-a \u021binut departe de teren aproape un an.<\/p>\n<p id=\"p-3\">\u201eC\u00e2nd m-am accidentat la genunchi, am pl\u0103tit eu opera\u021bia, mai mult dec\u00e2t clubul. Asta a fost \u00een\u021belegerea, pentru c\u0103 nu am vrut s\u0103 m\u0103 operez \u00een Ungaria. Ei nu au fost de acord s\u0103 acopere integral costurile opera\u021biei din Italia\u201d, a explicat Ganea.<\/p>\n<h2 id=\"chapter-1\">Revenire \u00eent\u00e2rziat\u0103 pe teren<\/h2>\n<p id=\"p-4\">Interven\u021bia chirurgical\u0103 a avut loc \u00een Italia, iar fotbalistul spune c\u0103, de\u0219i medicii i-ar fi permis revenirea dup\u0103 \u0219ase luni, a reu\u0219it s\u0103 joace din nou abia \u00een luna a 11-a.<\/p>\n<p align=\"justify\" id=\"p-5\">Referindu-se la perioada de recuperare, Ganea a precizat c\u0103, potrivit doctorului Pier Paolo Mariani, chirurgul ortoped italian care l-a operat, ar fi putut reveni pe teren mult mai devreme. \u201eDoctorul Mariani mi-ar fi dat acordul s\u0103 revin dup\u0103 \u0219ase luni. Eu am jucat din nou abia dup\u0103 aproape un an, de\u0219i eram deja 100% ref\u0103cut\u201d.<\/p>\n<h2 align=\"justify\" id=\"chapter-2\">\u201eNu \u00eel plac pentru c\u0103 e rom\u00e2n\u201d<\/h2>\n<p align=\"justify\" id=\"p-6\">\u00cen cei aproape trei ani la <a href=\"https:\/\/www.mediafax.ro\/sport\/ujpest-fc-anunta-ca-declanseaza-actiuni-legale-impotriva-lui-andre-duarte-prezentat-de-fcsb-23652147\">\u00dajpest<\/a>, fotbalistul spune c\u0103 a lucrat cu cinci antrenori diferi\u021bi, iar situa\u021bia sa a fost similar\u0103 cu fiecare dintre ei. \u201eCu to\u021bi s-a \u00eent\u00e2mplat acela\u0219i lucru. La final, nu cred c\u0103 a fost vina mea. Nu am primit niciodat\u0103 cu adev\u0103rat o \u0219ans\u0103. A existat accidentarea, dar nici atunci nu am primit o oportunitate real\u0103\u201d.<\/p>\n<p align=\"justify\" id=\"p-7\">Ionel Ganea a sus\u021binut c\u0103 fiul s\u0103u nu a fost privit cu ochi buni la \u00dajpest din cauza na\u021bionalit\u0103\u021bii, relateaz\u0103 presa maghiar\u0103. \u201eNu \u00eel plac cu adev\u0103rat pentru c\u0103 este rom\u00e2n. Am auzit asta de la oameni cu care \u00eenc\u0103 \u021bin leg\u0103tura \u00een Ungaria. \u00cei este greu s\u0103 primeasc\u0103 o \u0219ans\u0103 doar pentru c\u0103 este rom\u00e2n<span lang=\"en-US\">\u201d<\/span>. \u201eAu o filozofie pe care am \u00eent\u00e2lnit-o foarte rar \u00een cariera mea\u201d, a completat fostul interna\u021bional rom\u00e2n.<\/p>\n<h2 align=\"justify\" id=\"chapter-3\">Dor de fotbal acas\u0103<\/h2>\n<p align=\"justify\" id=\"p-8\">Atacantul rom\u00e2n vrea s\u0103 revin\u0103 c\u00e2t mai repede pe teren. Ganea este \u00een c\u0103utarea unui club care s\u0103 \u00eei ofere \u0219anse reale de a juca. \u201eVreau s\u0103 joc, \u00eemi doresc foarte mult s\u0103 joc din nou fotbal. Nu am mai fost pe teren de mult timp, iar ultimul an \u0219i jum\u0103tate a fost extrem de dificil pentru mine \u0219i pentru familia mea\u201d. \u201eAcas\u0103 e acas\u0103. E un sentiment diferit s\u0103 fii printre rom\u00e2ni. Dar, \u00een situa\u021bia mea, nu pot spune c\u0103 am posibilitatea s\u0103 aleg\u201d, a men\u021bionat juc\u0103torul.<\/p>\n<p align=\"justify\" id=\"p-9\">Fotbalistul rom\u00e2n a insistat c\u0103 \u00ee\u0219i dore\u0219te s\u0103 fie evaluat strict ca juc\u0103tor, f\u0103r\u0103 a fi judecat prin prisma altor criterii. \u201eUn club care s\u0103 se uite doar la George Ganea, nu la tat\u0103l meu. Dac\u0103 cineva \u00eel vrea pe George Ganea, s\u0103-l ia pe George Ganea, nu pe Ionel Ganea\u201d. \u201eEste foarte greu pentru orice copil de fotbalist\u201d, a spus atacantul pentru Digisport, m\u0103rturisind c\u0103 s-a sim\u021bit mai liber de etichete \u0219i presiune \u00een afara \u021b\u0103rii.<\/p>\n<p align=\"justify\" id=\"p-10\">George D\u0103nu\u021b Ganea a fost format la Viitorul Constan\u021ba, clubul fondat de Gheorghe Hagi. Fost interna\u021bional rom\u00e2n de tineret, el a bifat multiple selec\u021bii la na\u021bionalele U21 \u0219i U23 ale Rom\u00e2niei. Atacantul a evoluat ulterior la Viitorul (Farul Constan\u021ba), UTA Arad \u0219i Universitatea Cluj. \u00cen vara anului 2023, a semnat cu \u00dajpest, club din primul e\u0219alon al Ungariei.<\/p>\n","protected":false},"excerpt":{"rendered":"<p>Fiul fostului interna\u021bional Ionel Ganea, George D\u0103nu\u021b Ganea, sus\u021bine c\u0103 deciziile luate \u00een cazul s\u0103u la \u00dajpest FC, forma\u021bie din prima lig\u0103 a Ungariei, nu au fost exclusiv de ordin &hellip; <a href=\"https:\/\/microscopemedia.com\/?p=668771\" class=\"more-link\">Read More<\/a><\/p>\n","protected":false},"author":1,"featured_media":668772,"comment_status":"closed","ping_status":"closed","sticky":false,"template":"Default","format":"standard","meta":[],"categories":[1],"tags":[],"_links":{"self":[{"href":"https:\/\/microscopemedia.com\/index.php?rest_route=\/wp\/v2\/posts\/668771"}],"collection":[{"href":"https:\/\/microscopemedia.com\/index.php?rest_route=\/wp\/v2\/posts"}],"about":[{"href":"https:\/\/microscopemedia.com\/index.php?rest_route=\/wp\/v2\/types\/post"}],"author":[{"embeddable":true,"href":"https:\/\/microscopemedia.com\/index.php?rest_route=\/wp\/v2\/users\/1"}],"replies":[{"embeddable":true,"href":"https:\/\/microscopemedia.com\/index.php?rest_route=%2Fwp%2Fv2%2Fcomments&post=668771"}],"version-history":[{"count":0,"href":"https:\/\/microscopemedia.com\/index.php?rest_route=\/wp\/v2\/posts\/668771\/revisions"}],"wp:featuredmedia":[{"embeddable":true,"href":"https:\/\/microscopemedia.com\/index.php?rest_route=\/wp\/v2\/media\/668772"}],"wp:attachment":[{"href":"https:\/\/microscopemedia.com\/index.php?rest_route=%2Fwp%2Fv2%2Fmedia&parent=668771"}],"wp:term":[{"taxonomy":"category","embeddable":true,"href":"https:\/\/microscopemedia.com\/index.php?rest_route=%2Fwp%2Fv2%2Fcategories&post=668771"},{"taxonomy":"post_tag","embeddable":true,"href":"https:\/\/microscopemedia.com\/index.php?rest_route=%2Fwp%2Fv2%2Ftags&post=668771"}],"curies":[{"name":"wp","href":"https:\/\/api.w.org\/{rel}","templated":true}]}}