{"id":677442,"date":"2026-02-18T07:56:04","date_gmt":"2026-02-18T07:56:04","guid":{"rendered":"https:\/\/microscopemedia.com\/?p=677442"},"modified":"2026-02-18T07:56:04","modified_gmt":"2026-02-18T07:56:04","slug":"administratia-prezidentiala-nicusor-dan-pleaca-astazi-la-consiliul-pentru-pace-in-ciuda-ninsorii-abundente","status":"publish","type":"post","link":"https:\/\/microscopemedia.com\/?p=677442","title":{"rendered":"Administra\u021bia Preziden\u021bial\u0103: Nicu\u0219or Dan pleac\u0103 ast\u0103zi la Consiliul pentru Pace, \u00een ciuda ninsorii abundente"},"content":{"rendered":"<p class=\"p1\" id=\"p-0\">Pre\u0219edintele Nicu\u0219or Dan pleac\u0103 ast\u0103zi la Consiliul pentru Pace, \u00een ciuda vremii nefavorabile, anun\u021b\u0103 Administra\u021bia Preziden\u021bial\u0103.<\/p>\n<p class=\"p1\" id=\"p-1\">Pre\u0219edintele Nicu\u0219or Dan se va deplasa la Washington probabil cu un avion privat \u00eenchiriat \u0219i nu cu unul militar sau de linie, av\u00e2nd \u00een vedere c\u0103 zona Bucure\u0219ti Ilfov se afl\u0103 sub cod ro\u0219u de viscol.<\/p>\n<p class=\"p1\" id=\"p-2\">O parte a delega\u021biei de pres\u0103, care urma s\u0103-l \u00eenso\u021beasc\u0103 pe pre\u0219edinte, se afl\u0103 \u00eenc\u0103 de diminea\u021b\u0103 blocat\u0103 pe aeroportul Otopeni, de unde nu decoleaz\u0103 \u2013 deocamdat\u0103 \u2013 nicio aeronav\u0103, din cauza vremii nefavorabile \u0219i ninsorii abundente.<\/p>\n<p class=\"p1\" id=\"p-3\">Reuniunea Consiliului pentru Pace, la care Rom\u00e2nia \u2013 prin pre\u0219edinte \u2013 va avea calitatea de observator \u2013 are loc m\u00e2ine, la Washington DC.<\/p>\n<p id=\"p-4\">Pre\u0219edintele SUA, Donald Trump, a spus ieri, c\u0103 \u00een Consiliul pentru Pace se vor al\u0103tura \u201ecei mai mari lideri din lume\u201d.<\/p>\n<p id=\"p-5\"><img class=\"aligncenter wp-image-23688708 size-full\" src=\"https:\/\/microscopemedia.com\/wp-content\/uploads\/2026\/02\/administratia-prezidentiala-nicusor-dan-pleaca-astazi-la-consiliul-pentru-pace-in-ciuda-ninsorii-abundente.webp\" alt width=\"700\" height=\"446\" loading=\"lazy\" decoding=\"async\" srcset=\"https:\/\/microscopemedia.com\/wp-content\/uploads\/2026\/02\/administratia-prezidentiala-nicusor-dan-pleaca-astazi-la-consiliul-pentru-pace-in-ciuda-ninsorii-abundente-2.webp 500w, https:\/\/microscopemedia.com\/wp-content\/uploads\/2026\/02\/administratia-prezidentiala-nicusor-dan-pleaca-astazi-la-consiliul-pentru-pace-in-ciuda-ninsorii-abundente.webp 728w\"><\/p>\n<div id=\"attachment_23688723\" class=\"wp-caption aligncenter\"><img aria-describedby=\"caption-attachment-23688723\" class=\"wp-image-23688723 size-full\" src=\"https:\/\/microscopemedia.com\/wp-content\/uploads\/2026\/02\/administratia-prezidentiala-nicusor-dan-pleaca-astazi-la-consiliul-pentru-pace-in-ciuda-ninsorii-abundente-1.webp\" alt width=\"700\" height=\"365\" loading=\"lazy\" decoding=\"async\" srcset=\"https:\/\/microscopemedia.com\/wp-content\/uploads\/2026\/02\/administratia-prezidentiala-nicusor-dan-pleaca-astazi-la-consiliul-pentru-pace-in-ciuda-ninsorii-abundente-3.webp 500w, https:\/\/microscopemedia.com\/wp-content\/uploads\/2026\/02\/administratia-prezidentiala-nicusor-dan-pleaca-astazi-la-consiliul-pentru-pace-in-ciuda-ninsorii-abundente-1.webp 728w\"><\/p>\n<p id=\"caption-attachment-23688723\" class=\"wp-caption-text\">7 ianuarie 2026<\/p>\n<\/div>\n<p id=\"p-6\"><span><strong><a href=\"https:\/\/www.mediafax.ro\/politic\/nicusor-dan-revine-in-romania-dupa-ce-a-ramas-blocat-la-paris-cand-ajunge-avionul-spartan-la-bucuresti-23668007\">\u00cen ianuarie, pre\u0219edintele Nicu\u0219or Dan a avut o situa\u021bie similar\u0103<\/a><\/strong><\/span> pe care a trebuit s\u0103 o gestioneze la Paris, unde participase la Coali\u021bia pentru Voin\u021b\u0103. Timp de 24 de ore, \u0219eful statului a fost blocat pe aeroport, al\u0103turi de delega\u021bia de pres\u0103, avionul Spartan neput\u00e2nd decola din cauza vremii nefavorabile.<\/p>\n","protected":false},"excerpt":{"rendered":"<p>Pre\u0219edintele Nicu\u0219or Dan pleac\u0103 ast\u0103zi la Consiliul pentru Pace, \u00een ciuda vremii nefavorabile, anun\u021b\u0103 Administra\u021bia Preziden\u021bial\u0103. Pre\u0219edintele Nicu\u0219or Dan se va deplasa la Washington probabil cu un avion privat \u00eenchiriat &hellip; <a href=\"https:\/\/microscopemedia.com\/?p=677442\" class=\"more-link\">Read More<\/a><\/p>\n","protected":false},"author":1,"featured_media":677443,"comment_status":"closed","ping_status":"closed","sticky":false,"template":"Default","format":"standard","meta":[],"categories":[1],"tags":[],"_links":{"self":[{"href":"https:\/\/microscopemedia.com\/index.php?rest_route=\/wp\/v2\/posts\/677442"}],"collection":[{"href":"https:\/\/microscopemedia.com\/index.php?rest_route=\/wp\/v2\/posts"}],"about":[{"href":"https:\/\/microscopemedia.com\/index.php?rest_route=\/wp\/v2\/types\/post"}],"author":[{"embeddable":true,"href":"https:\/\/microscopemedia.com\/index.php?rest_route=\/wp\/v2\/users\/1"}],"replies":[{"embeddable":true,"href":"https:\/\/microscopemedia.com\/index.php?rest_route=%2Fwp%2Fv2%2Fcomments&post=677442"}],"version-history":[{"count":0,"href":"https:\/\/microscopemedia.com\/index.php?rest_route=\/wp\/v2\/posts\/677442\/revisions"}],"wp:featuredmedia":[{"embeddable":true,"href":"https:\/\/microscopemedia.com\/index.php?rest_route=\/wp\/v2\/media\/677443"}],"wp:attachment":[{"href":"https:\/\/microscopemedia.com\/index.php?rest_route=%2Fwp%2Fv2%2Fmedia&parent=677442"}],"wp:term":[{"taxonomy":"category","embeddable":true,"href":"https:\/\/microscopemedia.com\/index.php?rest_route=%2Fwp%2Fv2%2Fcategories&post=677442"},{"taxonomy":"post_tag","embeddable":true,"href":"https:\/\/microscopemedia.com\/index.php?rest_route=%2Fwp%2Fv2%2Ftags&post=677442"}],"curies":[{"name":"wp","href":"https:\/\/api.w.org\/{rel}","templated":true}]}}