{"id":677444,"date":"2026-02-18T08:06:04","date_gmt":"2026-02-18T08:06:04","guid":{"rendered":"https:\/\/microscopemedia.com\/?p=677444"},"modified":"2026-02-18T08:06:04","modified_gmt":"2026-02-18T08:06:04","slug":"ninsori-abundente-in-carpati-si-risc-mare-de-avalansa-in-fagaras-si-bucegi","status":"publish","type":"post","link":"https:\/\/microscopemedia.com\/?p=677444","title":{"rendered":"Ninsori abundente \u00een Carpa\u021bi \u0219i risc mare de avalan\u0219\u0103 \u00een F\u0103g\u0103ra\u0219 \u0219i Bucegi"},"content":{"rendered":"<p id=\"p-0\"><a href=\"https:\/\/www.meteoromania.ro\/\">Administra\u021bia Na\u021bional\u0103 de Meteorologie<\/a> a emis buletinul nivometeorologic valabil pentru perioada 16 februarie, ora 20:00 \u2013 18 februarie, ora 20:00, care avertizeaz\u0103 asupra unui risc ridicat de avalan\u0219\u0103 \u00een mai multe masive montane, \u00een special \u00een Carpa\u021bii Meridionali \u0219i de Curbur\u0103.<\/p>\n<p id=\"p-1\">Cele mai periculoase condi\u021bii sunt anun\u021bate \u00een Mun\u021bii F\u0103g\u0103ra\u0219 \u0219i Bucegi, unde la altitudini de peste 1.800 de metri riscul este 4 \u2013 mare.<\/p>\n<h2 id=\"chapter-0\">F\u0103g\u0103ra\u0219 \u0219i Bucegi: risc 4 \u2013 mare la altitudini \u00eenalte<\/h2>\n<p id=\"p-2\">La peste 1.800 m, stratul superior con\u021bine deja 10\u201315 cm de z\u0103pad\u0103 proasp\u0103t\u0103, iar \u00een urm\u0103torul interval se vor depune local \u00eenc\u0103 15\u201320 cm, izolat chiar mai mult.<\/p>\n<p id=\"p-3\">Problemele majore semnalate de meteorologi la munte:<\/p>\n<ul>\n<li>pl\u0103ci de v\u00e2nt numeroase, \u00een special pe versan\u021bii nordici \u0219i estici;<\/li>\n<li>straturi instabile \u00een primii 30\u201340 cm;<\/li>\n<li>cruste de ghea\u021b\u0103 \u0219i cristale tip \u201ecup\u0103\u201d \u00een profunzime, ce pot favoriza alunecarea;<\/li>\n<li>corni\u0219e de mari dimensiuni \u00een zona crestelor;<\/li>\n<li>depozite de z\u0103pad\u0103 de peste 2 metri pe unele v\u0103i.<\/li>\n<\/ul>\n<p id=\"p-4\"><img class=\"aligncenter size-full wp-image-23688707\" src=\"https:\/\/microscopemedia.com\/wp-content\/uploads\/2026\/02\/ninsori-abundente-in-carpati-si-risc-mare-de-avalansa-in-fagaras-si-bucegi.webp\" alt width=\"700\" height=\"163\" loading=\"lazy\" decoding=\"async\" srcset=\"https:\/\/microscopemedia.com\/wp-content\/uploads\/2026\/02\/ninsori-abundente-in-carpati-si-risc-mare-de-avalansa-in-fagaras-si-bucegi-4.webp 500w, https:\/\/microscopemedia.com\/wp-content\/uploads\/2026\/02\/ninsori-abundente-in-carpati-si-risc-mare-de-avalansa-in-fagaras-si-bucegi.webp 728w\"><\/p>\n<p id=\"p-5\">Pe pantele \u00eenclinate pot fi declan\u0219ate avalan\u0219e de dimensiuni medii \u0219i mari, inclusiv prin supra\u00eenc\u0103rc\u0103ri minime (trecerea unui schior sau grup).<\/p>\n<p id=\"p-6\">Sub 1.800 m, riscul scade la 3 \u2013 \u00eensemnat, \u00eens\u0103 sunt posibile avalan\u0219e medii \u0219i izolat mari, \u00een special \u00eentre 1.500 \u0219i 1.800 m.<\/p>\n<h2 id=\"chapter-1\">Risc \u00eensemnat \u00een \u021aarcu, Godeanu, Par\u00e2ng \u0219i \u0218ureanu<\/h2>\n<p id=\"p-7\">\u00cen Carpa\u021bii Meridionali \u2013 masivele \u021aarcu-Godeanu \u0219i Par\u00e2ng-\u0218ureanu \u2013 riscul este 3 \u2013 \u00eensemnat la peste 1.800 m.<\/p>\n<p id=\"p-8\">Stratul de z\u0103pad\u0103 va continua s\u0103 creasc\u0103 cu \u00eenc\u0103 10\u201320 cm, iar instabilitatea este accentuat\u0103 de:<\/p>\n<ul>\n<li>pl\u0103ci de v\u00e2nt formate recent;<\/li>\n<li>straturi fragile \u00een profunzime;<\/li>\n<li>depozite consistente \u00een v\u0103i.<\/li>\n<\/ul>\n<p id=\"p-9\"><img class=\"aligncenter size-full wp-image-23688709\" src=\"https:\/\/microscopemedia.com\/wp-content\/uploads\/2026\/02\/ninsori-abundente-in-carpati-si-risc-mare-de-avalansa-in-fagaras-si-bucegi-1.webp\" alt width=\"700\" height=\"171\" loading=\"lazy\" decoding=\"async\" srcset=\"https:\/\/microscopemedia.com\/wp-content\/uploads\/2026\/02\/ninsori-abundente-in-carpati-si-risc-mare-de-avalansa-in-fagaras-si-bucegi-5.webp 500w, https:\/\/microscopemedia.com\/wp-content\/uploads\/2026\/02\/ninsori-abundente-in-carpati-si-risc-mare-de-avalansa-in-fagaras-si-bucegi-1.webp 728w\"><\/p>\n<p id=\"p-10\">La altitudini sub 1.800 m, riscul r\u0103m\u00e2ne \u00eensemnat \u00een \u021aarcu \u0219i Godeanu \u0219i moderat \u00een Par\u00e2ng \u0219i \u0218ureanu<\/p>\n<h2 id=\"chapter-2\">Carpa\u021bii Orientali: risc 3 \u00een Rodnei \u0219i C\u0103limani, risc 2 \u00een Ceahl\u0103u<\/h2>\n<p id=\"p-11\">\u00cen masivele Rodnei \u0219i C\u0103limani-Bistri\u021bei, la peste 1.800 m, riscul este 3 \u2013 \u00eensemnat, din cauza stratului nou depus peste unul mai vechi, incomplet stabilizat.<\/p>\n<p id=\"p-12\"><img class=\"aligncenter size-full wp-image-23688713\" src=\"https:\/\/microscopemedia.com\/wp-content\/uploads\/2026\/02\/ninsori-abundente-in-carpati-si-risc-mare-de-avalansa-in-fagaras-si-bucegi-2.webp\" alt width=\"700\" height=\"144\" loading=\"lazy\" decoding=\"async\" srcset=\"https:\/\/microscopemedia.com\/wp-content\/uploads\/2026\/02\/ninsori-abundente-in-carpati-si-risc-mare-de-avalansa-in-fagaras-si-bucegi-6.webp 500w, https:\/\/microscopemedia.com\/wp-content\/uploads\/2026\/02\/ninsori-abundente-in-carpati-si-risc-mare-de-avalansa-in-fagaras-si-bucegi-2.webp 728w\"><\/p>\n<p id=\"p-13\">\u00cen Masivul Ceahl\u0103u \u0219i \u00een Carpa\u021bii Occidentali, riscul este 2 \u2013 moderat, \u00eens\u0103 pe pantele abrupte pot ap\u0103rea avalan\u0219e mici \u0219i izolat medii, \u00een special la supra\u00eenc\u0103rc\u0103ri<\/p>\n<p id=\"p-14\"><img class=\"aligncenter size-full wp-image-23688718\" src=\"https:\/\/microscopemedia.com\/wp-content\/uploads\/2026\/02\/ninsori-abundente-in-carpati-si-risc-mare-de-avalansa-in-fagaras-si-bucegi-3.webp\" alt width=\"700\" height=\"173\" loading=\"lazy\" decoding=\"async\" srcset=\"https:\/\/microscopemedia.com\/wp-content\/uploads\/2026\/02\/ninsori-abundente-in-carpati-si-risc-mare-de-avalansa-in-fagaras-si-bucegi-7.webp 500w, https:\/\/microscopemedia.com\/wp-content\/uploads\/2026\/02\/ninsori-abundente-in-carpati-si-risc-mare-de-avalansa-in-fagaras-si-bucegi-3.webp 728w\"><\/p>\n<h2 id=\"chapter-3\">Cantit\u0103\u021bi importante de z\u0103pad\u0103 \u0219i v\u00e2nt puternic<\/h2>\n<p id=\"p-15\">Meteorologii anun\u021b\u0103 ninsori \u00eensemnate \u00een Carpa\u021bii Meridionali \u0219i sudul Carpa\u021bilor Orientali, unde se pot acumula:<\/p>\n<ul>\n<li>10\u201315 l\/mp pe arii extinse;<\/li>\n<li>25\u201330 l\/mp local, \u00een special pe versan\u021bii sudici<\/li>\n<\/ul>\n<p id=\"p-16\">Stratul de z\u0103pad\u0103 poate cre\u0219te cu 20\u201330 cm la peste 1.500 m, iar pe crestele Meridionalilor sunt prognozate rafale de v\u00e2nt de 80\u2013100 km\/h, cu viscol puternic.<\/p>\n<h2 id=\"chapter-4\">Grosimea actual\u0103 a stratului de z\u0103pad\u0103 la munte<\/h2>\n<p id=\"p-17\">La 16 februarie, ora 14:00, stratul de z\u0103pad\u0103 m\u0103sura:<\/p>\n<ul>\n<li>163 cm la V\u00e2rful Omu<\/li>\n<li>150 cm la B\u00e2lea-Lac<\/li>\n<li>132 cm la \u021aarcu<\/li>\n<li>83 cm la C\u0103limani<\/li>\n<li>59 cm la L\u0103c\u0103u\u021bi \u0219i Semenic<\/li>\n<\/ul>\n<h2 id=\"chapter-5\">Recomand\u0103ri pentru turi\u0219ti \u0219i sportivi montani<\/h2>\n<p id=\"p-18\">\u00cen condi\u021biile unui risc 4 \u2013 mare, speciali\u0219tii recomand\u0103 evitarea traseelor alpine \u0219i a pantelor \u00eenclinate \u0219i evitarea zonelor cu acumul\u0103ri recente \u0219i corni\u0219e. De asemenea este important sa fie permanent urmarit\u0103 informarea asupra actualiz\u0103rii buletinului nivologic.<\/p>\n<p id=\"p-19\">Buletinul poate fi actualizat \u00een func\u021bie de evolu\u021bia vremii \u0219i a stratului de z\u0103pad\u0103.<\/p>\n","protected":false},"excerpt":{"rendered":"<p>Administra\u021bia Na\u021bional\u0103 de Meteorologie a emis buletinul nivometeorologic valabil pentru perioada 16 februarie, ora 20:00 \u2013 18 februarie, ora 20:00, care avertizeaz\u0103 asupra unui risc ridicat de avalan\u0219\u0103 \u00een mai &hellip; <a href=\"https:\/\/microscopemedia.com\/?p=677444\" class=\"more-link\">Read More<\/a><\/p>\n","protected":false},"author":1,"featured_media":677445,"comment_status":"closed","ping_status":"closed","sticky":false,"template":"Default","format":"standard","meta":[],"categories":[1],"tags":[],"_links":{"self":[{"href":"https:\/\/microscopemedia.com\/index.php?rest_route=\/wp\/v2\/posts\/677444"}],"collection":[{"href":"https:\/\/microscopemedia.com\/index.php?rest_route=\/wp\/v2\/posts"}],"about":[{"href":"https:\/\/microscopemedia.com\/index.php?rest_route=\/wp\/v2\/types\/post"}],"author":[{"embeddable":true,"href":"https:\/\/microscopemedia.com\/index.php?rest_route=\/wp\/v2\/users\/1"}],"replies":[{"embeddable":true,"href":"https:\/\/microscopemedia.com\/index.php?rest_route=%2Fwp%2Fv2%2Fcomments&post=677444"}],"version-history":[{"count":0,"href":"https:\/\/microscopemedia.com\/index.php?rest_route=\/wp\/v2\/posts\/677444\/revisions"}],"wp:featuredmedia":[{"embeddable":true,"href":"https:\/\/microscopemedia.com\/index.php?rest_route=\/wp\/v2\/media\/677445"}],"wp:attachment":[{"href":"https:\/\/microscopemedia.com\/index.php?rest_route=%2Fwp%2Fv2%2Fmedia&parent=677444"}],"wp:term":[{"taxonomy":"category","embeddable":true,"href":"https:\/\/microscopemedia.com\/index.php?rest_route=%2Fwp%2Fv2%2Fcategories&post=677444"},{"taxonomy":"post_tag","embeddable":true,"href":"https:\/\/microscopemedia.com\/index.php?rest_route=%2Fwp%2Fv2%2Ftags&post=677444"}],"curies":[{"name":"wp","href":"https:\/\/api.w.org\/{rel}","templated":true}]}}