{"id":677458,"date":"2026-02-18T09:36:04","date_gmt":"2026-02-18T09:36:04","guid":{"rendered":"https:\/\/microscopemedia.com\/?p=677458"},"modified":"2026-02-18T09:36:04","modified_gmt":"2026-02-18T09:36:04","slug":"volodimir-zelenski-anunta-sanctiuni-impotriva-lui-lukasenko-pentru-sprijinul-acordat-rusiei","status":"publish","type":"post","link":"https:\/\/microscopemedia.com\/?p=677458","title":{"rendered":"Volodimir Zelenski anun\u021b\u0103 sanc\u021biuni \u00eempotriva lui Luka\u0219enko pentru sprijinul acordat Rusiei"},"content":{"rendered":"<div><img decoding=\"async\" src=\"https:\/\/microscopemedia.com\/wp-content\/uploads\/2026\/02\/volodimir-zelenski-anunta-sanctiuni-impotriva-lui-lukasenko-pentru-sprijinul-acordat-rusiei.jpg\" class=\"ff-og-image-inserted\"><\/div>\n<p data-start=\"87\" data-end=\"341\" id=\"p-0\">Pre\u0219edintele Ucrainei, <span class=\"hover:entity-accent entity-underline inline cursor-pointer align-baseline\"><span class=\"whitespace-normal\">Volodimir Zelenski<\/span><\/span>, a anun\u021bat c\u0103 autorit\u0103\u021bile de la Kiev impun sanc\u021biuni \u00eempotriva liderului belarus <span class=\"hover:entity-accent entity-underline inline cursor-pointer align-baseline\"><span class=\"whitespace-normal\">Alexandr Luka\u0219enko<\/span><\/span>, pe care \u00eel acuz\u0103 de sprijin direct pentru ac\u021biunile militare ale Rusiei, relateaz\u0103 <a href=\"https:\/\/www.ukrinform.net\/rubric-polytics\/4092692-zelensky-ukraine-imposes-sanctions-on-lukashenko.html\">Ukrinform<\/a>.<\/p>\n<p data-start=\"343\" data-end=\"564\" id=\"p-1\">Anun\u021bul a fost f\u0103cut miercuri pe <a href=\"https:\/\/t.me\/V_Zelenskiy_official\/18011\">Telegram<\/a>, de c\u0103tre Zelenski, relateaz\u0103 aceea\u0219i surs\u0103. Pre\u0219edintele ucrainean sus\u021bine c\u0103 Belarus a oferit teritoriul s\u0103u pentru desf\u0103\u0219urarea rachetelor Ore\u0219nik \u0219i a permis livrarea unor componente importante pentru acest tip de armament.<\/p>\n<p data-start=\"566\" data-end=\"862\" id=\"p-2\">\u201eAst\u0103zi, Ucraina a aplicat un pachet de sanc\u021biuni \u00eempotriva lui Alexandr Luka\u0219enko \u0219i vom intensifica semnificativ contram\u0103surile \u00eempotriva tuturor formelor de asisten\u021b\u0103 a sa \u00een uciderea ucrainenilor. Vom lucra cu partenerii astfel \u00eenc\u00e2t acest lucru s\u0103 aib\u0103 un efect global\u201d, a declarat Zelenski.<\/p>\n<p data-start=\"864\" data-end=\"1053\" id=\"p-3\">Pre\u0219edintele Zelenski a afirmat c\u0103, anul trecut, companii din Belarus au furnizat Rusiei piese importante \u0219i baze mecanice pentru rachetele Ore\u0219nik, iar aceste livr\u0103ri, spune el, continu\u0103 \u0219i \u00een 2026.<\/p>\n<p data-start=\"1055\" data-end=\"1329\" id=\"p-4\">Zelenski a mai spus c\u0103, \u00een a doua parte a anului 2025, Rusia a instalat pe teritoriul Belarusului un sistem de repetitoare pentru controlul dronelor de lupt\u0103, ceea ce a dus la cre\u0219terea capacit\u0103\u021bii armatei ruse\u0219ti de a ataca regiunile nordice ale Ucrainei, de la Kiev p\u00e2n\u0103 la Vol\u00e2nia.<\/p>\n<p data-start=\"1331\" data-end=\"1806\" id=\"p-5\">\u201eRu\u0219ii nu ar fi putut efectua unele dintre atacuri, \u00een special asupra instala\u021biilor energetice \u0219i a c\u0103ilor ferate din regiunile noastre, f\u0103r\u0103 un astfel de ajutor din partea Belarusului. Peste 3.000 de \u00eentreprinderi belaruse au fost puse \u00een slujba r\u0103zboiului Rusiei \u0219i au furnizat ma\u0219ini, echipamente \u0219i componente clasificate drept \u00abde importan\u021b\u0103 critic\u0103\u00bb, inclusiv componente pentru producerea de rachete care terorizeaz\u0103 ora\u0219ele \u0219i satele noastre\u201d, a declarat pre\u0219edintele.<\/p>\n<div class=\"flex flex-col text-sm pb-25\">\n<article class=\"text-token-text-primary w-full focus:outline-none [--shadow-height:45px] has-data-writing-block:pointer-events-none has-data-writing-block:-mt-(--shadow-height) has-data-writing-block:pt-(--shadow-height) [&amp;:has([data-writing-block])>*]:pointer-events-auto scroll-mt-[calc(var(&#8211;header-height)+min(200px,max(70px,20svh)))]&#8221; dir=&#8221;auto&#8221; tabindex=&#8221;-1&#8243; data-turn-id=&#8221;request-6992d5be-c678-832f-abad-89459d575a00-2&#8243; data-testid=&#8221;conversation-turn-52&#8243; data-scroll-anchor=&#8221;true&#8221; data-turn=&#8221;assistant&#8221;><\/p>\n<div class=\"text-base my-auto mx-auto pb-10 [--thread-content-margin:--spacing(4)] @w-sm\/main:[--thread-content-margin:--spacing(6)] @w-lg\/main:[--thread-content-margin:--spacing(16)] px-(--thread-content-margin)\">\n<div class=\"[--thread-content-max-width:40rem] @w-lg\/main:[--thread-content-max-width:48rem] mx-auto max-w-(--thread-content-max-width) flex-1 group\/turn-messages focus-visible:outline-hidden relative flex w-full min-w-0 flex-col agent-turn\" tabindex=\"-1\">\n<div class=\"flex max-w-full flex-col grow\">\n<div class=\"min-h-8 text-message relative flex w-full flex-col items-end gap-2 text-start break-words whitespace-normal [.text-message+&amp;]:mt-1\" dir=\"auto\" data-message-author-role=\"assistant\" data-message-id=\"9ad6d777-8dd9-461f-9853-7d10b25fd5eb\" data-message-model-slug=\"gpt-5-2\">\n<div class=\"flex w-full flex-col gap-1 empty:hidden first:pt-[1px]\" readability=\"13\">\n<div class=\"markdown prose dark:prose-invert w-full wrap-break-word light markdown-new-styling\" readability=\"21\">\n<p data-start=\"1808\" data-end=\"2027\" id=\"p-6\">El l-a acuzat pe Luka\u0219enko c\u0103 a sacrificat suveranitatea Belarusului pentru a-\u0219i men\u021bine puterea \u0219i c\u0103 ajut\u0103 Rusia s\u0103 evite sanc\u021biunile interna\u021bionale \u0219i sus\u021bine r\u0103zboiul \u00een mod public.<\/p>\n<p data-start=\"2029\" data-end=\"2100\" id=\"p-7\">\u201eVor exista consecin\u021be speciale pentru acest lucru\u201d, a mai declarat Volodimir Zelenski.<\/p>\n<p data-start=\"2102\" data-end=\"2425\" data-is-last-node data-is-only-node id=\"p-8\">Pe 26 ianuarie, la Vilnius, a avut loc prima \u00eent\u00e2lnire bilateral\u0103 dintre Zelenski \u0219i lidera opozi\u021biei belaruse, <span class=\"hover:entity-accent entity-underline inline cursor-pointer align-baseline\"><span class=\"whitespace-normal\">Sviatlana \u021aihanu\u0219kaia<\/span><\/span>. Ulterior, pre\u0219edintele ucrainean a spus c\u0103 exist\u0103 riscul ca Belarus s\u0103 fie atras direct \u00een r\u0103zboi, \u00een special din cauza prezen\u021bei sistemului Ore\u0219nik pe teritoriul s\u0103u.<\/p>\n<\/div>\n<\/div>\n<\/div>\n<\/div>\n<\/div>\n<\/div>\n<\/article>\n<\/div>\n","protected":false},"excerpt":{"rendered":"<p>Pre\u0219edintele Ucrainei, Volodimir Zelenski, a anun\u021bat c\u0103 autorit\u0103\u021bile de la Kiev impun sanc\u021biuni \u00eempotriva liderului belarus Alexandr Luka\u0219enko, pe care \u00eel acuz\u0103 de sprijin direct pentru ac\u021biunile militare ale Rusiei, &hellip; <a href=\"https:\/\/microscopemedia.com\/?p=677458\" class=\"more-link\">Read More<\/a><\/p>\n","protected":false},"author":1,"featured_media":677459,"comment_status":"closed","ping_status":"closed","sticky":false,"template":"Default","format":"standard","meta":[],"categories":[1],"tags":[],"_links":{"self":[{"href":"https:\/\/microscopemedia.com\/index.php?rest_route=\/wp\/v2\/posts\/677458"}],"collection":[{"href":"https:\/\/microscopemedia.com\/index.php?rest_route=\/wp\/v2\/posts"}],"about":[{"href":"https:\/\/microscopemedia.com\/index.php?rest_route=\/wp\/v2\/types\/post"}],"author":[{"embeddable":true,"href":"https:\/\/microscopemedia.com\/index.php?rest_route=\/wp\/v2\/users\/1"}],"replies":[{"embeddable":true,"href":"https:\/\/microscopemedia.com\/index.php?rest_route=%2Fwp%2Fv2%2Fcomments&post=677458"}],"version-history":[{"count":0,"href":"https:\/\/microscopemedia.com\/index.php?rest_route=\/wp\/v2\/posts\/677458\/revisions"}],"wp:featuredmedia":[{"embeddable":true,"href":"https:\/\/microscopemedia.com\/index.php?rest_route=\/wp\/v2\/media\/677459"}],"wp:attachment":[{"href":"https:\/\/microscopemedia.com\/index.php?rest_route=%2Fwp%2Fv2%2Fmedia&parent=677458"}],"wp:term":[{"taxonomy":"category","embeddable":true,"href":"https:\/\/microscopemedia.com\/index.php?rest_route=%2Fwp%2Fv2%2Fcategories&post=677458"},{"taxonomy":"post_tag","embeddable":true,"href":"https:\/\/microscopemedia.com\/index.php?rest_route=%2Fwp%2Fv2%2Ftags&post=677458"}],"curies":[{"name":"wp","href":"https:\/\/api.w.org\/{rel}","templated":true}]}}