{"id":677460,"date":"2026-02-18T09:46:03","date_gmt":"2026-02-18T09:46:03","guid":{"rendered":"https:\/\/microscopemedia.com\/?p=677460"},"modified":"2026-02-18T09:46:03","modified_gmt":"2026-02-18T09:46:03","slug":"explicatiile-lui-ciucu-despre-deszapezire-atunci-cand-ninge-foarte-mult-nu-exista-capacitati-pentru-a-rezolva-totul","status":"publish","type":"post","link":"https:\/\/microscopemedia.com\/?p=677460","title":{"rendered":"Explica\u021biile lui Ciucu despre desz\u0103pezire: Atunci c\u00e2nd ninge foarte mult nu exist\u0103 capacit\u0103\u021bi pentru a rezolva totul"},"content":{"rendered":"<div><img decoding=\"async\" src=\"https:\/\/microscopemedia.com\/wp-content\/uploads\/2026\/02\/explicatiile-lui-ciucu-despre-deszapezire-atunci-cand-ninge-foarte-mult-nu-exista-capacitati-pentru-a-rezolva-totul.jpg\" class=\"ff-og-image-inserted\"><\/div>\n<p id=\"p-0\">Primarul general al Capitalei, Ciprian Ciucu, a anun\u021bat o analiz\u0103 care va ar\u0103ta dac\u0103 \u00een Bucure\u0219ti este nevoie de mai multe for\u021be de desz\u0103pezire sau de o alt\u0103 abordare.<\/p>\n<p id=\"p-1\">\u201eAtunci c\u00e2nd ninge foarte mult nu exist\u0103 capacit\u0103\u021bi pentru a rezolva totul \u0219i atunci trebuie s\u0103 prioritizezi\u201d, a explicat Ciucu.<\/p>\n<p id=\"p-2\">Analiza va stabili dac\u0103 se impune revenirea opera\u021biunii de desz\u0103pezire \u00een coordonarea Prim\u0103riei Generale, a\u0219a cum se \u00eent\u00e2mpl\u0103 \u00een urm\u0103 cu 30 de ani.<\/p>\n<p id=\"p-3\">De asemenea, primarul Ciprian Ciucu a spus c\u0103 ma\u0219inile parcate pe marginea str\u0103zilor au \u00eengreunat interven\u021bia utilajelor.<\/p>\n<p id=\"p-4\">\u201eSe intervine dificil \u0219i pentru c\u0103 sunt ma\u0219ini peste tot (\u2026) este o problem\u0103 sistemic\u0103 care afecteaz\u0103 inclusiv desz\u0103pezirea\u201d, a ad\u0103ugat primarul general.<\/p>\n<p id=\"p-5\">Miercuri, Bucure\u0219tiul \u0219i Ilfovul sunt vizate de o avertizare Cod portocaliu de ninsoare abundent\u0103. Prognoza meteo ANM anun\u021b\u0103 vreme rece \u0219i condi\u021bii severe p\u00e2n\u0103 joi diminea\u021b\u0103.<\/p>\n","protected":false},"excerpt":{"rendered":"<p>Primarul general al Capitalei, Ciprian Ciucu, a anun\u021bat o analiz\u0103 care va ar\u0103ta dac\u0103 \u00een Bucure\u0219ti este nevoie de mai multe for\u021be de desz\u0103pezire sau de o alt\u0103 abordare. \u201eAtunci &hellip; <a href=\"https:\/\/microscopemedia.com\/?p=677460\" class=\"more-link\">Read More<\/a><\/p>\n","protected":false},"author":1,"featured_media":677461,"comment_status":"closed","ping_status":"closed","sticky":false,"template":"Default","format":"standard","meta":[],"categories":[1],"tags":[],"_links":{"self":[{"href":"https:\/\/microscopemedia.com\/index.php?rest_route=\/wp\/v2\/posts\/677460"}],"collection":[{"href":"https:\/\/microscopemedia.com\/index.php?rest_route=\/wp\/v2\/posts"}],"about":[{"href":"https:\/\/microscopemedia.com\/index.php?rest_route=\/wp\/v2\/types\/post"}],"author":[{"embeddable":true,"href":"https:\/\/microscopemedia.com\/index.php?rest_route=\/wp\/v2\/users\/1"}],"replies":[{"embeddable":true,"href":"https:\/\/microscopemedia.com\/index.php?rest_route=%2Fwp%2Fv2%2Fcomments&post=677460"}],"version-history":[{"count":0,"href":"https:\/\/microscopemedia.com\/index.php?rest_route=\/wp\/v2\/posts\/677460\/revisions"}],"wp:featuredmedia":[{"embeddable":true,"href":"https:\/\/microscopemedia.com\/index.php?rest_route=\/wp\/v2\/media\/677461"}],"wp:attachment":[{"href":"https:\/\/microscopemedia.com\/index.php?rest_route=%2Fwp%2Fv2%2Fmedia&parent=677460"}],"wp:term":[{"taxonomy":"category","embeddable":true,"href":"https:\/\/microscopemedia.com\/index.php?rest_route=%2Fwp%2Fv2%2Fcategories&post=677460"},{"taxonomy":"post_tag","embeddable":true,"href":"https:\/\/microscopemedia.com\/index.php?rest_route=%2Fwp%2Fv2%2Ftags&post=677460"}],"curies":[{"name":"wp","href":"https:\/\/api.w.org\/{rel}","templated":true}]}}