{"id":677474,"date":"2026-02-18T11:07:03","date_gmt":"2026-02-18T11:07:03","guid":{"rendered":"https:\/\/microscopemedia.com\/?p=677474"},"modified":"2026-02-18T11:07:03","modified_gmt":"2026-02-18T11:07:03","slug":"proiectul-franco-german-de-avion-de-lupta-in-impas-merz-contesta-directia-impusa-de-franta","status":"publish","type":"post","link":"https:\/\/microscopemedia.com\/?p=677474","title":{"rendered":"Proiectul franco-german de avion de lupt\u0103, \u00een impas. Merz contest\u0103 direc\u021bia impus\u0103 de Fran\u021ba"},"content":{"rendered":"<div><img decoding=\"async\" src=\"https:\/\/microscopemedia.com\/wp-content\/uploads\/2026\/02\/proiectul-franco-german-de-avion-de-lupta-in-impas-merz-contesta-directia-impusa-de-franta.jpg\" class=\"ff-og-image-inserted\"><\/div>\n<p id=\"p-0\">\u00centr-un interviu acordat podcastului politic german \u201eMachtwechsel\u201d \u0219i citat de <a href=\"https:\/\/www.politico.eu\/article\/friedrich-merz-casts-doubt-franco-german-fighter-project-floats-other-partners\/\" target=\"_blank\" rel=\"noopener\">Politico<\/a>, Merz a precizat c\u0103 disputa nu are o natur\u0103 politic\u0103, ci este generat\u0103 de diferen\u021be esen\u021biale \u00een profilul cerin\u021belor militare ale celor dou\u0103 na\u021biuni.<\/p>\n<p id=\"p-1\">\u201eNu este o disput\u0103 politic\u0103. Avem o problem\u0103 real\u0103 cu specifica\u021biile necesare. Dac\u0103 nu o rezolv\u0103m, nu putem sus\u021bine proiectul\u201d, a afirmat Merz.<\/p>\n<h2 id=\"chapter-0\">Berlinul refuz\u0103 aeronava cu capacitate nuclear\u0103 \u0219i pentru portavioane<\/h2>\n<p id=\"p-2\">Punctul central al controversei \u00eel reprezint\u0103 configura\u021bia viitorului avion de lupt\u0103. Fran\u021ba solicit\u0103 ca aeronava s\u0103 fie capabil\u0103 s\u0103 transporte armament nuclear \u0219i s\u0103 poat\u0103 opera de pe portavioane \u2013 dou\u0103 atribute pe care le consider\u0103 indispensabile pentru doctrina sa militar\u0103.<\/p>\n<p id=\"p-3\">Bundeswehr-ul, for\u021bele armate germane, nu are \u00een prezent o astfel de necesitate, anume un avion cu aceste specifica\u021bii.<\/p>\n<p id=\"p-4\">\u201eFrancezii au nevoie de un avion nuclear \u0219i adaptat portavioanelor pentru genera\u021bia urm\u0103toare. Bundeswehr-ul nu are aceast\u0103 nevoie \u00een acest moment\u201d, a explicat Merz.<\/p>\n<p id=\"p-5\">Aceast\u0103 discrepan\u021b\u0103 ridic\u0103 o \u00eentrebare structural\u0103 fundamental\u0103 pentru proiect: se va dezvolta un model unic, comun tuturor, sau vor exista versiuni distincte, adaptate cerin\u021belor fiec\u0103rui stat? Potrivit liderului german, Parisul ar prefera o singur\u0103 variant\u0103, aliniat\u0103 preponderent la propriile sale solicit\u0103ri.<\/p>\n<h2 id=\"chapter-1\">Explorarea alternativelor europene pentru viitorul avion de lupt\u0103<\/h2>\n<p id=\"p-6\">Merz a sugerat c\u0103 Berlinul este deschis s\u0103 exploreze \u0219i alte forme de cooperare \u00een Europa.<\/p>\n<p id=\"p-7\">\u201eExist\u0103 \u0219i al\u021bii \u00een Europa \u2013 spaniolii, desigur, dar \u0219i alte \u021b\u0103ri \u2013 care sunt interesate s\u0103 discute cu noi\u201d, a declarat el, subliniind \u00een acela\u0219i timp c\u0103 nu anticipeaz\u0103 o ruptur\u0103 politic\u0103 cu Parisul.<\/p>\n<p id=\"p-8\">Programul FCAS, ini\u021bial conceput ca un proiect strategic franco-german \u0219i ulterior extins pentru a include Spania, este destinat s\u0103 \u00eenlocuiasc\u0103 aeronavele Eurofighter ale Germaniei \u0219i Rafale ale Fran\u021bei \u00een jurul anului 2040. Sistemul este imaginat ca un \u201esistem de sisteme\u201d, integr\u00e2nd o aeronav\u0103 stealth de nou\u0103 genera\u021bie, drone avansate \u0219i o infrastructur\u0103 digital\u0103 de lupt\u0103 interconectat\u0103.<\/p>\n<h2 id=\"chapter-2\">\u00cent\u00e2rzieri persistente \u0219i tensiuni industriale<\/h2>\n<p id=\"p-9\">De-a lungul ultimilor ani, proiectul a fost marcat de \u00eent\u00e2rzieri semnificative \u0219i dispute industriale. Acestea au avut loc \u00een special \u00eentre compania francez\u0103 Dassault Aviation \u0219i consor\u021biul Airbus, sprijinit de Germania. Problemele aflate \u00een discu\u021bie sunt despre controlul asupra designului \u0219i distribu\u021bia responsabilit\u0103\u021bilor.<\/p>\n<p id=\"p-10\">Oficiali din ambele \u021b\u0103ri au recunoscut recent c\u0103 componenta central\u0103 a programului \u2013 avionul de lupt\u0103 propriu-zis \u2013 ar putea e\u0219ua, chiar dac\u0103 alte tehnologii FCAS ar putea fi salvate.<\/p>\n<p id=\"p-11\">Declara\u021biile lui Merz reprezint\u0103 cel mai ferm semnal de p\u00e2n\u0103 acum c\u0103 Berlinul ia \u00een considerare o reevaluare strategic\u0103 a angajamentului s\u0103u, \u00eentr-un moment crucial \u00een care <a href=\"https:\/\/www.mediafax.ro\/externe\/spania-indeamna-uniunea-europeana-sa-creeze-o-armata-comuna-23674798\" target=\"_blank\" rel=\"noopener\">Europa \u00eencearc\u0103 s\u0103-\u0219i consolideze autonomia<\/a> \u00een domeniul ap\u0103r\u0103rii.<\/p>\n","protected":false},"excerpt":{"rendered":"<p>\u00centr-un interviu acordat podcastului politic german \u201eMachtwechsel\u201d \u0219i citat de Politico, Merz a precizat c\u0103 disputa nu are o natur\u0103 politic\u0103, ci este generat\u0103 de diferen\u021be esen\u021biale \u00een profilul cerin\u021belor &hellip; <a href=\"https:\/\/microscopemedia.com\/?p=677474\" class=\"more-link\">Read More<\/a><\/p>\n","protected":false},"author":1,"featured_media":677475,"comment_status":"closed","ping_status":"closed","sticky":false,"template":"Default","format":"standard","meta":[],"categories":[1],"tags":[],"_links":{"self":[{"href":"https:\/\/microscopemedia.com\/index.php?rest_route=\/wp\/v2\/posts\/677474"}],"collection":[{"href":"https:\/\/microscopemedia.com\/index.php?rest_route=\/wp\/v2\/posts"}],"about":[{"href":"https:\/\/microscopemedia.com\/index.php?rest_route=\/wp\/v2\/types\/post"}],"author":[{"embeddable":true,"href":"https:\/\/microscopemedia.com\/index.php?rest_route=\/wp\/v2\/users\/1"}],"replies":[{"embeddable":true,"href":"https:\/\/microscopemedia.com\/index.php?rest_route=%2Fwp%2Fv2%2Fcomments&post=677474"}],"version-history":[{"count":0,"href":"https:\/\/microscopemedia.com\/index.php?rest_route=\/wp\/v2\/posts\/677474\/revisions"}],"wp:featuredmedia":[{"embeddable":true,"href":"https:\/\/microscopemedia.com\/index.php?rest_route=\/wp\/v2\/media\/677475"}],"wp:attachment":[{"href":"https:\/\/microscopemedia.com\/index.php?rest_route=%2Fwp%2Fv2%2Fmedia&parent=677474"}],"wp:term":[{"taxonomy":"category","embeddable":true,"href":"https:\/\/microscopemedia.com\/index.php?rest_route=%2Fwp%2Fv2%2Fcategories&post=677474"},{"taxonomy":"post_tag","embeddable":true,"href":"https:\/\/microscopemedia.com\/index.php?rest_route=%2Fwp%2Fv2%2Ftags&post=677474"}],"curies":[{"name":"wp","href":"https:\/\/api.w.org\/{rel}","templated":true}]}}