{"id":677476,"date":"2026-02-18T11:26:04","date_gmt":"2026-02-18T11:26:04","guid":{"rendered":"https:\/\/microscopemedia.com\/?p=677476"},"modified":"2026-02-18T11:26:04","modified_gmt":"2026-02-18T11:26:04","slug":"cancelarul-germaniei-sustine-interzicerea-accesului-pe-retelele-sociale-in-randul-copiilor-sub-16-ani","status":"publish","type":"post","link":"https:\/\/microscopemedia.com\/?p=677476","title":{"rendered":"Cancelarul Germaniei sus\u021bine interzicerea accesului pe re\u021belele sociale \u00een r\u00e2ndul copiilor sub 16 ani"},"content":{"rendered":"<div><img decoding=\"async\" src=\"https:\/\/microscopemedia.com\/wp-content\/uploads\/2026\/02\/cancelarul-germaniei-sustine-interzicerea-accesului-pe-retelele-sociale-in-randul-copiilor-sub-16-ani.jpg\" class=\"ff-og-image-inserted\"><\/div>\n<p id=\"p-0\">Cancelarul german Friedrich Merz sus\u021bine propunerile de restric\u021bionare a utiliz\u0103rii re\u021belelor sociale de c\u0103tre copiii sub 16 ani, aduc\u00e2nd \u00een discu\u021bie impactul timpului excesiv petrecut \u00een fa\u021ba ecranelor asupra acestora.<\/p>\n<p id=\"p-1\">Merz a f\u0103cut aceste declara\u021bii \u00een cadrul podcastului politic \u201eMachtwechsel\u201d, dup\u0103 ce o filial\u0103 regional\u0103 a partidului s\u0103u conservator din Schleswig-Holstein a prezentat o propunere de stabilire a v\u00e2rstei minime la 16 ani, \u00eenso\u021bit\u0103 de verificarea obligatorie a v\u00e2rstei, noteaz\u0103 <span><a href=\"https:\/\/p.dw.com\/p\/58xXd\" target=\"_blank\" rel=\"noopener\">Deutsche Welle<\/a><\/span>.<\/p>\n<p id=\"p-2\">\u201e\u00centruc\u00e2t copiii de ast\u0103zi, la v\u00e2rsta de 14 ani, petrec p\u00e2n\u0103 la cinci ore sau mai mult pe zi \u00een fa\u021ba ecranelor, dac\u0103 toat\u0103 socializarea are loc numai prin acest mijloc, atunci nu ar trebui s\u0103 ne surprind\u0103 deficitele de personalitate \u0219i problemele de comportament social ale tinerilor\u201d, a declarat acesta \u00een cadrul podcastului, potrivit <span><a href=\"https:\/\/nordot.app\/1396733049513624306\" target=\"_blank\" rel=\"noopener\">DPA<\/a><\/span>.<\/p>\n<p id=\"p-3\">De\u0219i a subliniat faptul c\u0103 este prudent \u00een ceea ce prive\u0219te interdic\u021biile, a sus\u021binut c\u0103 prioritatea \u00een acest sens trebuie s\u0103 fie protejarea copiilor la o v\u00e2rst\u0103 la care au nevoie de timp pentru a se juca, a \u00eenv\u0103\u021ba \u0219i a se concentra la \u0219coal\u0103.<\/p>\n<p id=\"p-4\">O ini\u021biativ\u0103 similar\u0103 a venit \u0219i din partea Partidului Social-Democrat din Germania (SPD), propun\u00e2nd un model pe niveluri cu <strong>interdic\u021bie total\u0103<\/strong> pentru copiii sub 14 ani.<\/p>\n<p id=\"p-5\">\u00cen decembrie 2025, Australia a devenit prima \u021bar\u0103 din lume care a interzis accesul copiilor sub 16 ani pe re\u021belele sociale. \u00cen urma acestui demers, mai multe \u021b\u0103ri europene iau \u00een considerare m\u0103suri similare.<\/p>\n","protected":false},"excerpt":{"rendered":"<p>Cancelarul german Friedrich Merz sus\u021bine propunerile de restric\u021bionare a utiliz\u0103rii re\u021belelor sociale de c\u0103tre copiii sub 16 ani, aduc\u00e2nd \u00een discu\u021bie impactul timpului excesiv petrecut \u00een fa\u021ba ecranelor asupra acestora. &hellip; <a href=\"https:\/\/microscopemedia.com\/?p=677476\" class=\"more-link\">Read More<\/a><\/p>\n","protected":false},"author":1,"featured_media":677477,"comment_status":"closed","ping_status":"closed","sticky":false,"template":"Default","format":"standard","meta":[],"categories":[1],"tags":[],"_links":{"self":[{"href":"https:\/\/microscopemedia.com\/index.php?rest_route=\/wp\/v2\/posts\/677476"}],"collection":[{"href":"https:\/\/microscopemedia.com\/index.php?rest_route=\/wp\/v2\/posts"}],"about":[{"href":"https:\/\/microscopemedia.com\/index.php?rest_route=\/wp\/v2\/types\/post"}],"author":[{"embeddable":true,"href":"https:\/\/microscopemedia.com\/index.php?rest_route=\/wp\/v2\/users\/1"}],"replies":[{"embeddable":true,"href":"https:\/\/microscopemedia.com\/index.php?rest_route=%2Fwp%2Fv2%2Fcomments&post=677476"}],"version-history":[{"count":0,"href":"https:\/\/microscopemedia.com\/index.php?rest_route=\/wp\/v2\/posts\/677476\/revisions"}],"wp:featuredmedia":[{"embeddable":true,"href":"https:\/\/microscopemedia.com\/index.php?rest_route=\/wp\/v2\/media\/677477"}],"wp:attachment":[{"href":"https:\/\/microscopemedia.com\/index.php?rest_route=%2Fwp%2Fv2%2Fmedia&parent=677476"}],"wp:term":[{"taxonomy":"category","embeddable":true,"href":"https:\/\/microscopemedia.com\/index.php?rest_route=%2Fwp%2Fv2%2Fcategories&post=677476"},{"taxonomy":"post_tag","embeddable":true,"href":"https:\/\/microscopemedia.com\/index.php?rest_route=%2Fwp%2Fv2%2Ftags&post=677476"}],"curies":[{"name":"wp","href":"https:\/\/api.w.org\/{rel}","templated":true}]}}