{"id":677480,"date":"2026-02-18T11:57:04","date_gmt":"2026-02-18T11:57:04","guid":{"rendered":"https:\/\/microscopemedia.com\/?p=677480"},"modified":"2026-02-18T11:57:04","modified_gmt":"2026-02-18T11:57:04","slug":"grindeanu-dupa-decizia-ccr-privind-pensiile-speciale-am-incredere-ca-nu-vom-pierde-banii-europeni","status":"publish","type":"post","link":"https:\/\/microscopemedia.com\/?p=677480","title":{"rendered":"Grindeanu, dup\u0103 decizia CCR privind pensiile speciale: \u201eAm \u00eencredere c\u0103 nu vom pierde banii europeni\u201d"},"content":{"rendered":"<div><img decoding=\"async\" src=\"https:\/\/microscopemedia.com\/wp-content\/uploads\/2026\/02\/grindeanu-dupa-decizia-ccr-privind-pensiile-speciale-am-incredere-ca-nu-vom-pierde-banii-europeni.jpg\" class=\"ff-og-image-inserted\"><\/div>\n<p id=\"p-0\">\u201eV\u0103 rog s\u0103-l \u00eentreba\u021bi pe domnul ministru P\u00eeslaru. \u0218ti\u021bi punctul meu de vedere de vreo trei luni de zile\u201d, a spus Grindeanu, c\u00e2nd a fost \u00eentrebat dac\u0103 Rom\u00e2nia risc\u0103 s\u0103 piard\u0103 fondurile europene.<\/p>\n<p id=\"p-1\">Referitor la votul de 6 la 3 din cadrul Cur\u021bii Constitu\u021bionale \u0219i la prezen\u021ba insolit\u0103 a lui Florin Iordache la sediul CCR \u00eenainte de \u0219edin\u021b\u0103, Grindeanu a refuzat s\u0103 comenteze.<\/p>\n<p id=\"p-2\">\u201eNu am r\u0103spuns. De ce s\u0103 r\u0103spund eu \u00een numele lui Florin Iordache?\u201d, a replicat liderul social-democrat, c\u00e2nd a fost presat s\u0103 explice vizita fostului ministru al Justi\u021biei la judec\u0103torii constitu\u021bionali.<\/p>\n<h2 id=\"chapter-0\">Negocieri pentru buget<\/h2>\n<p id=\"p-3\">\u00centrebat cu ce pozi\u021bie merge PSD la negocierile pe buget, Grindeanu a precizat c\u0103 primele discu\u021bii \u00een coali\u021bie vor avea loc \u00een zilele urm\u0103toare.<\/p>\n<p id=\"p-4\">La \u00eenceputul s\u0103pt\u0103m\u00e2nii viitoare ar urma o \u0219edin\u021b\u0103 de guvern \u00een care vor fi adoptate, prin ordonan\u021be de urgen\u021b\u0103, actele normative pe administra\u021bie \u0219i relansare economic\u0103.<\/p>\n<p id=\"p-5\">\u201ePrincipala preocupare a Guvernului \u0219i a coali\u021biei este s\u0103 avem c\u00e2t mai repede un buget. Din punctul meu de vedere, s-a \u00eent\u00e2rziat deja foarte mult\u201d, a conchis Grindeanu.<\/p>\n","protected":false},"excerpt":{"rendered":"<p>\u201eV\u0103 rog s\u0103-l \u00eentreba\u021bi pe domnul ministru P\u00eeslaru. \u0218ti\u021bi punctul meu de vedere de vreo trei luni de zile\u201d, a spus Grindeanu, c\u00e2nd a fost \u00eentrebat dac\u0103 Rom\u00e2nia risc\u0103 s\u0103 &hellip; <a href=\"https:\/\/microscopemedia.com\/?p=677480\" class=\"more-link\">Read More<\/a><\/p>\n","protected":false},"author":1,"featured_media":677481,"comment_status":"closed","ping_status":"closed","sticky":false,"template":"Default","format":"standard","meta":[],"categories":[1],"tags":[],"_links":{"self":[{"href":"https:\/\/microscopemedia.com\/index.php?rest_route=\/wp\/v2\/posts\/677480"}],"collection":[{"href":"https:\/\/microscopemedia.com\/index.php?rest_route=\/wp\/v2\/posts"}],"about":[{"href":"https:\/\/microscopemedia.com\/index.php?rest_route=\/wp\/v2\/types\/post"}],"author":[{"embeddable":true,"href":"https:\/\/microscopemedia.com\/index.php?rest_route=\/wp\/v2\/users\/1"}],"replies":[{"embeddable":true,"href":"https:\/\/microscopemedia.com\/index.php?rest_route=%2Fwp%2Fv2%2Fcomments&post=677480"}],"version-history":[{"count":0,"href":"https:\/\/microscopemedia.com\/index.php?rest_route=\/wp\/v2\/posts\/677480\/revisions"}],"wp:featuredmedia":[{"embeddable":true,"href":"https:\/\/microscopemedia.com\/index.php?rest_route=\/wp\/v2\/media\/677481"}],"wp:attachment":[{"href":"https:\/\/microscopemedia.com\/index.php?rest_route=%2Fwp%2Fv2%2Fmedia&parent=677480"}],"wp:term":[{"taxonomy":"category","embeddable":true,"href":"https:\/\/microscopemedia.com\/index.php?rest_route=%2Fwp%2Fv2%2Fcategories&post=677480"},{"taxonomy":"post_tag","embeddable":true,"href":"https:\/\/microscopemedia.com\/index.php?rest_route=%2Fwp%2Fv2%2Ftags&post=677480"}],"curies":[{"name":"wp","href":"https:\/\/api.w.org\/{rel}","templated":true}]}}