{"id":677490,"date":"2026-02-18T12:57:03","date_gmt":"2026-02-18T12:57:03","guid":{"rendered":"https:\/\/microscopemedia.com\/?p=677490"},"modified":"2026-02-18T12:57:03","modified_gmt":"2026-02-18T12:57:03","slug":"anre-a-aprobat-a-doua-cea-mai-mare-centrala-electrica-din-tara-dupa-mintia-in-premiera-i-a-suspendat-pentru-trei-luni-autorizatia-unui-producator","status":"publish","type":"post","link":"https:\/\/microscopemedia.com\/?p=677490","title":{"rendered":"ANRE a aprobat a doua cea mai mare central\u0103 electric\u0103 din \u021bar\u0103, dup\u0103 Mintia. \u00cen premier\u0103, i-a suspendat pentru trei luni autoriza\u021bia unui produc\u0103tor"},"content":{"rendered":"<div><img decoding=\"async\" src=\"https:\/\/microscopemedia.com\/wp-content\/uploads\/2026\/02\/anre-a-aprobat-a-doua-cea-mai-mare-centrala-electrica-din-tara-dupa-mintia-in-premiera-i-a-suspendat-pentru-trei-luni-autorizatia-unui-producator.jpg\" class=\"ff-og-image-inserted\"><\/div>\n<p id=\"p-0\">Autoritatea Na\u021bional\u0103 de Reglementare \u00een domeniul Energiei a aprobat ieri \u00een Comitetul de reglementare autoriza\u021bii de \u00eenfiin\u021bare pentru capacit\u0103\u021bi de producere a energiei electrice din surse regenerabile cu o putere total\u0103 de 849,36 MW \u0219i capacit\u0103\u021bi de stocare de 596 MW, au transmis reprezentan\u021bii autorit\u0103\u021bii.<\/p>\n<p id=\"p-1\">Din acest total, s-a aprobat \u0219i cea de-a doua cea mai mare autoriza\u021bie de \u00eenfiin\u021bare pentru un produc\u0103tor de energie electric\u0103, dup\u0103 Mintia, respectiv 550 MW care apar\u021bine unei centrale fotovoltaice care va fi construit\u0103 \u00een jude\u021bul Giurgiu, cu o putere instalat\u0103 de 550 MW, care integreaz\u0103 \u0219i 534 MW stocare.<\/p>\n<p id=\"p-2\">Capacitatea acestui parc fotovoltaic este a doua cea mai mare capacitate pentru care ANRE a dat autoriza\u021bii de \u00eenfiin\u021bare, dup\u0103 <a href=\"https:\/\/www.mediafax.ro\/economic\/investitorii-de-la-mintia-viitoarea-cea-mai-mare-centrala-electrica-pe-gaze-din-uniunea-europeana-termen-oficial-pentru-inceperea-productiei-23682166\">centrala electric\u0103 cu ciclu combinat de la Mintia<\/a>, de 1.700 MW, \u0219i \u00een fa\u021ba <a href=\"https:\/\/www.mediafax.ro\/economic\/romgaz-anunta-un-nou-termen-limita-pentru-finalizarea-centralei-de-la-iernut-ce-prevede-actul-aditional-semnat-in-ultima-zi-din-anul-trecut-23667166\">centralei de la Iernut,<\/a> de 430 MW, ambele av\u00e2nd programat\u0103 intrarea \u00een produc\u021bie \u00een septembrie, respectiv finalul acestui an.<\/p>\n<p id=\"p-3\">De asemenea, Comitetul de reglementare a mai aprobat licen\u021be de exploatare pentru producerea energiei electrice \u00eensum\u00e2nd o putere de 10 MW.<\/p>\n<blockquote readability=\"16.157024793388\">\n<p id=\"p-4\">\u201eZiua de 17 februarie 2026 este o zi important\u0103 pentru Sistemul Energetic Na\u021bional. Aproximativ 850 de megawa\u021bi au fost aproba\u021bi pentru \u00eenfiin\u021bare, \u0219i al\u021bi aproape 600 de megawa\u021bi \u00een instala\u021bii de stocare. Am aprobat \u0219i a doua cea mai mare capacitate de producere energie electric\u0103 dup\u0103 Mintia: un parc de 550 MW, cu o instala\u021bie de stocare de 534 MW. Sunt, \u00een acest proiect, 1.1270.000 de panouri \u0219i 2750 de invertoare, adic\u0103 o investi\u021bie uria\u0219\u0103. Vedem, din ce \u00een ce mai des \u00een cadrul solicit\u0103rilor pe care le primim la ANRE, decizia investitorilor de a construi \u0219i capacit\u0103\u021bi de stocare pe l\u00e2ng\u0103 centralele de producere a energiei electrice\u201d, a declarat <a href=\"https:\/\/www.mediafax.ro\/economic\/primele-declaratii-ale-presedintelui-anre-dupa-comentariul-lui-bogdan-ivan-despre-baietii-destepti-din-energie-23687717\">pre\u0219edintele ANRE, George Niculescu<\/a>.<\/p>\n<\/blockquote>\n<h2 id=\"chapter-0\">\u201eLucrurile sunt serioase \u0219i nimeni nu se joac\u0103\u201d<\/h2>\n<p id=\"p-5\">O alt\u0103 premier\u0103 din cadrul \u0219edin\u021bei Comitetului de reglementare de mar\u021bi a fost suspendarea pe o perioad\u0103 de trei luni a autoriza\u021biei de \u00eenfiin\u021bare pentru o capacitate de producere energie electric\u0103 eolian\u0103. Potrivit ANRE, aceast\u0103 societate nu a putut s\u0103 fac\u0103 dovada finan\u021b\u0103rii.<\/p>\n<blockquote readability=\"10\">\n<p id=\"p-6\">\u201ePntru prima dat\u0103 am suspendat o autoriza\u021bie de \u00eenfiin\u021bare pentru un operator economic care nu a reu\u0219it s\u0103 fac\u0103 dovada finan\u021b\u0103rii proiectului. Am f\u0103cut acest lucru pentru a transmite un mesaj clar tuturor celor care \u021bin blocat\u0103 re\u021beaua cu ATR-uri: lucrurile sunt serioase \u0219i nimeni nu se joac\u0103. Solicitantul \u00een cauz\u0103 are timp 3 luni s\u0103 fac\u0103 dovada ob\u021binerii fondurilor necesare pentru dezvoltarea proiectului, \u00een caz contrar urm\u00e2nd s\u0103 se constate ne\u00eendeplinirea condi\u021biilor necesare aprob\u0103rii autoriza\u021biei\u201d, a sublinit \u0219eful ANRE.<\/p>\n<\/blockquote>\n<p id=\"p-7\">\u201eMi-a\u0219 dori ca aceast\u0103 premier\u0103 s\u0103 fie corect \u00een\u021beleas\u0103 \u0219i corect reflectat\u0103 \u00een pia\u021b\u0103: \u00een mandatul meu, ANRE a dezvoltat toleran\u021b\u0103 zero la megawa\u021bii pe h\u00e2rtie. Vorbesc despre nevoia de megawa\u021bi racorda\u021bi, nu pe h\u00e2rtie, \u0219i despre ATR-uri fantom\u0103 de doi ani de zile. De aceea am modificat Regulamentul de racordare \u00een vara anului 2024. Efectele au ap\u0103rut: \u00een 2025 au expirat ATR-uri care \u00eensumeaz\u0103 9.248 MW. Raportul dintre proiectele cu finan\u021bare \u0219i ATR-uri fantom\u0103 trebuie s\u0103 scad\u0103 \u0219i trebuie s\u0103 scad\u0103 repede. Un raport de 12-1 nu este sustenabil\u201d, a conchis George Niculescu.<\/p>\n","protected":false},"excerpt":{"rendered":"<p>Autoritatea Na\u021bional\u0103 de Reglementare \u00een domeniul Energiei a aprobat ieri \u00een Comitetul de reglementare autoriza\u021bii de \u00eenfiin\u021bare pentru capacit\u0103\u021bi de producere a energiei electrice din surse regenerabile cu o putere &hellip; <a href=\"https:\/\/microscopemedia.com\/?p=677490\" class=\"more-link\">Read More<\/a><\/p>\n","protected":false},"author":1,"featured_media":677491,"comment_status":"closed","ping_status":"closed","sticky":false,"template":"Default","format":"standard","meta":[],"categories":[1],"tags":[],"_links":{"self":[{"href":"https:\/\/microscopemedia.com\/index.php?rest_route=\/wp\/v2\/posts\/677490"}],"collection":[{"href":"https:\/\/microscopemedia.com\/index.php?rest_route=\/wp\/v2\/posts"}],"about":[{"href":"https:\/\/microscopemedia.com\/index.php?rest_route=\/wp\/v2\/types\/post"}],"author":[{"embeddable":true,"href":"https:\/\/microscopemedia.com\/index.php?rest_route=\/wp\/v2\/users\/1"}],"replies":[{"embeddable":true,"href":"https:\/\/microscopemedia.com\/index.php?rest_route=%2Fwp%2Fv2%2Fcomments&post=677490"}],"version-history":[{"count":0,"href":"https:\/\/microscopemedia.com\/index.php?rest_route=\/wp\/v2\/posts\/677490\/revisions"}],"wp:featuredmedia":[{"embeddable":true,"href":"https:\/\/microscopemedia.com\/index.php?rest_route=\/wp\/v2\/media\/677491"}],"wp:attachment":[{"href":"https:\/\/microscopemedia.com\/index.php?rest_route=%2Fwp%2Fv2%2Fmedia&parent=677490"}],"wp:term":[{"taxonomy":"category","embeddable":true,"href":"https:\/\/microscopemedia.com\/index.php?rest_route=%2Fwp%2Fv2%2Fcategories&post=677490"},{"taxonomy":"post_tag","embeddable":true,"href":"https:\/\/microscopemedia.com\/index.php?rest_route=%2Fwp%2Fv2%2Ftags&post=677490"}],"curies":[{"name":"wp","href":"https:\/\/api.w.org\/{rel}","templated":true}]}}