{"id":677494,"date":"2026-02-18T13:26:04","date_gmt":"2026-02-18T13:26:04","guid":{"rendered":"https:\/\/microscopemedia.com\/?p=677494"},"modified":"2026-02-18T13:26:04","modified_gmt":"2026-02-18T13:26:04","slug":"boarding-pass-nicusor-dan-a-plecat-in-sua-la-consiliul-pentru-pace-cu-avionul-lui-ion-tiriac-cat-costa-deplasarea","status":"publish","type":"post","link":"https:\/\/microscopemedia.com\/?p=677494","title":{"rendered":"Boarding Pass: Nicu\u0219or Dan a plecat \u00een SUA, la Consiliul pentru Pace, cu avionul lui Ion \u021airiac. C\u00e2t cost\u0103 deplasarea"},"content":{"rendered":"<p id=\"p-0\">Administra\u021bia Preziden\u021bial\u0103 ar fi \u00eenchiriat un avion privat pentru deplasarea pre\u0219edintelui Nicu\u0219or Dan \u00een SUA, <strong><span><a href=\"https:\/\/boardingpass.ro\/presedintele-zboara-in-sua-cu-un-avion-detinut-de-ion-tiriac\/\">relateaz\u0103 Boarding Pass.<\/a><\/span><\/strong><\/p>\n<p id=\"p-1\"><img class=\"aligncenter wp-image-23689042 size-full\" src=\"https:\/\/microscopemedia.com\/wp-content\/uploads\/2026\/02\/boarding-pass-nicusor-dan-a-plecat-in-sua-la-consiliul-pentru-pace-cu-avionul-lui-ion-tiriac-cat-costa-deplasarea.webp\" alt width=\"700\" height=\"394\" loading=\"lazy\" decoding=\"async\" srcset=\"https:\/\/microscopemedia.com\/wp-content\/uploads\/2026\/02\/boarding-pass-nicusor-dan-a-plecat-in-sua-la-consiliul-pentru-pace-cu-avionul-lui-ion-tiriac-cat-costa-deplasarea-3.webp 500w, https:\/\/microscopemedia.com\/wp-content\/uploads\/2026\/02\/boarding-pass-nicusor-dan-a-plecat-in-sua-la-consiliul-pentru-pace-cu-avionul-lui-ion-tiriac-cat-costa-deplasarea.webp 728w\"><\/p>\n<p id=\"p-2\">Nicu\u0219or Dan nu se va deplasa \u00een Washington DC cu aeronava militar\u0103 Spartan, pe care a folosit-o p\u00e2n\u0103 acum \u00een deplas\u0103rile oficiale \u0219i cu care a avut probleme la decolare \u0219i la Paris, \u00een ianuarie 2026, din cauza vremii nefavorabile.<\/p>\n<div class=\"single__inline-gallery color-white mg-bottom-20 bg-black padding-5 md:rounded-10\">\n<div class=\"md:rounded-5 display-grid xs:grid-cols-2 grid-cols-3 gap-5\">\n<div class=\"single__inline-gallery-image relative column-span-2 row-span-2\">\n                <a href=\"https:\/\/www.mediafax.ro\/poze\/boarding-pass-nicusor-dan-a-plecat-in-sua-la-consiliul-pentru-pace-cu-avionul-lui-ion-tiriac-cat-costa-deplasarea-23689032\"><br \/>\n                    <img decoding=\"async\" loading=\"lazy\" src=\"https:\/\/microscopemedia.com\/wp-content\/uploads\/2026\/02\/boarding-pass-nicusor-dan-a-plecat-in-sua-la-consiliul-pentru-pace-cu-avionul-lui-ion-tiriac-cat-costa-deplasarea.jpg\" width=\"700\" height=\"450\"><br \/>\n                <\/a>\n                            <\/div>\n<div class=\"single__inline-gallery-image relative \">\n                <a href=\"https:\/\/www.mediafax.ro\/poze\/boarding-pass-nicusor-dan-a-plecat-in-sua-la-consiliul-pentru-pace-cu-avionul-lui-ion-tiriac-cat-costa-deplasarea-23689032\"><br \/>\n                    <img decoding=\"async\" loading=\"lazy\" src=\"https:\/\/microscopemedia.com\/wp-content\/uploads\/2026\/02\/boarding-pass-nicusor-dan-a-plecat-in-sua-la-consiliul-pentru-pace-cu-avionul-lui-ion-tiriac-cat-costa-deplasarea-1.jpg\" width=\"700\" height=\"450\"><br \/>\n                <\/a>\n                            <\/div>\n<\/p><\/div>\n<\/p><\/div>\n<p id=\"p-3\">Avionul pe care Palatul Cotroceni l-a \u00eenchiriat din flota lui Ion \u021airiac este capabil s\u0103-l transporte pe pre\u0219edintele Dan f\u0103r\u0103 escal\u0103 \u00eentre capitalele Rom\u00e2nia \u0219i SUA.<\/p>\n<p id=\"p-4\">Este vorba de un Bombardier Global 6000, capabil s\u0103 transporte p\u00e2n\u0103 la 14 pasageri, iar aeronava este de\u021binut\u0103 de omul de afaceri Ion \u021airiac.<\/p>\n<p id=\"p-5\"><img class=\"aligncenter wp-image-23689043 size-full\" src=\"https:\/\/microscopemedia.com\/wp-content\/uploads\/2026\/02\/boarding-pass-nicusor-dan-a-plecat-in-sua-la-consiliul-pentru-pace-cu-avionul-lui-ion-tiriac-cat-costa-deplasarea-1.webp\" alt width=\"700\" height=\"467\" loading=\"lazy\" decoding=\"async\" srcset=\"https:\/\/microscopemedia.com\/wp-content\/uploads\/2026\/02\/boarding-pass-nicusor-dan-a-plecat-in-sua-la-consiliul-pentru-pace-cu-avionul-lui-ion-tiriac-cat-costa-deplasarea-4.webp 500w, https:\/\/microscopemedia.com\/wp-content\/uploads\/2026\/02\/boarding-pass-nicusor-dan-a-plecat-in-sua-la-consiliul-pentru-pace-cu-avionul-lui-ion-tiriac-cat-costa-deplasarea-1.webp 728w\"><\/p>\n<p id=\"p-6\">Cu toate c\u0103 avionul apar\u021bine omului de afaceri, aeronava ar fi \u00eenmatriculat\u0103 \u00een Austria \u0219i este operat\u0103 de compania aeriana Avcon Jet, dezv\u0103luie Boarding Pass.<\/p>\n<p id=\"p-7\">Modelul Global 6000, produs de canadienii de la Bombardier, poate zbura f\u0103r\u0103 escal\u0103 p\u00e2n\u0103 la 11.000 de kilometri \u0219i are motoare Rolls Royce.<\/p>\n<p id=\"p-8\"><strong>Costul estimativ pentru \u00eenchirierea unei asemenea aeronave, pentru un zbor dus \u2013 \u00eentors, \u00eentre Bucure\u0219ti \u0219i Washington DC ar fi de circa 170.000 \u2013 200.000 de euro, sus\u021bin jurnali\u0219tii.<\/strong><\/p>\n<p id=\"p-9\">Avionul nu va ateriza pe aeroporturile civile ale Americii, ci va ateriza la o baz\u0103 militar\u0103 apropiat\u0103 de Washington DC.<\/p>\n<p id=\"p-10\"><img class=\"aligncenter wp-image-23689044 size-full\" src=\"https:\/\/microscopemedia.com\/wp-content\/uploads\/2026\/02\/boarding-pass-nicusor-dan-a-plecat-in-sua-la-consiliul-pentru-pace-cu-avionul-lui-ion-tiriac-cat-costa-deplasarea-2.webp\" alt width=\"700\" height=\"466\" loading=\"lazy\" decoding=\"async\" srcset=\"https:\/\/microscopemedia.com\/wp-content\/uploads\/2026\/02\/boarding-pass-nicusor-dan-a-plecat-in-sua-la-consiliul-pentru-pace-cu-avionul-lui-ion-tiriac-cat-costa-deplasarea-5.webp 500w, https:\/\/microscopemedia.com\/wp-content\/uploads\/2026\/02\/boarding-pass-nicusor-dan-a-plecat-in-sua-la-consiliul-pentru-pace-cu-avionul-lui-ion-tiriac-cat-costa-deplasarea-2.webp 728w\"><\/p>\n<p id=\"p-11\">\u0218i Klaus Iohannis, men\u021bioneaz\u0103 jurnali\u0219tii Boarding Pass, a zburat \u00een trecut cu aeronave private, pl\u0103tind \u00eentre 250.000 \u0219i 300.000 de euro pe c\u0103l\u0103torie. Sursele Boarding Pass relateaz\u0103 c\u0103 pentru vizita \u00een Washington DC din 2024, Klaus Iohannis a pl\u0103tit, prin Administra\u021bia Preziden\u021bial\u0103, din bani publici, sume de 450.000 de euro.<\/p>\n","protected":false},"excerpt":{"rendered":"<p>Administra\u021bia Preziden\u021bial\u0103 ar fi \u00eenchiriat un avion privat pentru deplasarea pre\u0219edintelui Nicu\u0219or Dan \u00een SUA, relateaz\u0103 Boarding Pass. Nicu\u0219or Dan nu se va deplasa \u00een Washington DC cu aeronava militar\u0103 &hellip; <a href=\"https:\/\/microscopemedia.com\/?p=677494\" class=\"more-link\">Read More<\/a><\/p>\n","protected":false},"author":1,"featured_media":677495,"comment_status":"closed","ping_status":"closed","sticky":false,"template":"Default","format":"standard","meta":[],"categories":[1],"tags":[],"_links":{"self":[{"href":"https:\/\/microscopemedia.com\/index.php?rest_route=\/wp\/v2\/posts\/677494"}],"collection":[{"href":"https:\/\/microscopemedia.com\/index.php?rest_route=\/wp\/v2\/posts"}],"about":[{"href":"https:\/\/microscopemedia.com\/index.php?rest_route=\/wp\/v2\/types\/post"}],"author":[{"embeddable":true,"href":"https:\/\/microscopemedia.com\/index.php?rest_route=\/wp\/v2\/users\/1"}],"replies":[{"embeddable":true,"href":"https:\/\/microscopemedia.com\/index.php?rest_route=%2Fwp%2Fv2%2Fcomments&post=677494"}],"version-history":[{"count":0,"href":"https:\/\/microscopemedia.com\/index.php?rest_route=\/wp\/v2\/posts\/677494\/revisions"}],"wp:featuredmedia":[{"embeddable":true,"href":"https:\/\/microscopemedia.com\/index.php?rest_route=\/wp\/v2\/media\/677495"}],"wp:attachment":[{"href":"https:\/\/microscopemedia.com\/index.php?rest_route=%2Fwp%2Fv2%2Fmedia&parent=677494"}],"wp:term":[{"taxonomy":"category","embeddable":true,"href":"https:\/\/microscopemedia.com\/index.php?rest_route=%2Fwp%2Fv2%2Fcategories&post=677494"},{"taxonomy":"post_tag","embeddable":true,"href":"https:\/\/microscopemedia.com\/index.php?rest_route=%2Fwp%2Fv2%2Ftags&post=677494"}],"curies":[{"name":"wp","href":"https:\/\/api.w.org\/{rel}","templated":true}]}}