{"id":677496,"date":"2026-02-18T13:46:04","date_gmt":"2026-02-18T13:46:04","guid":{"rendered":"https:\/\/microscopemedia.com\/?p=677496"},"modified":"2026-02-18T13:46:04","modified_gmt":"2026-02-18T13:46:04","slug":"romania-participa-la-targul-de-carte-din-frankfurt-2028-ca-tara-invitata-de-onoare","status":"publish","type":"post","link":"https:\/\/microscopemedia.com\/?p=677496","title":{"rendered":"Rom\u00e2nia particip\u0103 la T\u00e2rgul de Carte din Frankfurt 2028 ca \u021bar\u0103 invitat\u0103 de onoare"},"content":{"rendered":"<div><img decoding=\"async\" src=\"https:\/\/microscopemedia.com\/wp-content\/uploads\/2026\/02\/romania-participa-la-targul-de-carte-din-frankfurt-2028-ca-tara-invitata-de-onoare.jpg\" class=\"ff-og-image-inserted\"><\/div>\n<p id=\"p-0\">Potrivit <a href=\"https:\/\/www.cultura.ro\/romania-tara-invitata-de-onoare-la-targul-de-carte-de-la-frankfurt-2028-guvernul-lanseaza-oficial-pregatirile-pentru-acest-program-cultural-strategic\/\" target=\"_blank\" rel=\"noopener\">comunicatului<\/a> publicat, miercuri, de Ministerul Culturii, statutul marcheaz\u0103 intrarea \u021b\u0103rii noastre \u00eentr-un program de expunere interna\u021bional\u0103 cu impact cultural, economic \u0219i diplomatic major.<\/p>\n<p id=\"p-1\"><em>\u201eRom\u00e2nia nu se prezint\u0103 doar la Frankfurt. Rom\u00e2nia se prezint\u0103 \u00een fa\u021ba \u00eentregii Germanii \u0219i, prin aceasta, \u00een fa\u021ba \u00eentregii lumi. T\u00e2rgul de carte, \u00een cei 20 de ani de c\u00e2nd sunt \u00een contact recurent cu acest fenomen, s-a dezvoltat clar \u00een aceast\u0103 direc\u021bie. \u021aara invitat\u0103 de onoare este selectat\u0103 dup\u0103 analize \u0219i evalu\u0103ri \u00eendelungate, iar \u00een perioada de preg\u0103tire trebuie s\u0103 adere la regulile \u0219i principiile acestei industrii\u201d<\/em>, declar\u0103 ministrul Culturii, Andr\u00e1s Istv\u00e1n Demeter.<\/p>\n<p id=\"p-2\">\u00cen cadrul t\u00e2rgului, Rom\u00e2nia va prezenta literatura, dar \u0219i tehnologia, arhitectura, designul, muzica, gastronomia, turismul, educa\u021bia \u0219i inova\u021bia.<\/p>\n<p id=\"p-3\">Prima reuniune a Comitetului Interministerial privind coordonarea particip\u0103rii la Frankfurt 2028 a fost constituit \u00een ianuarie. Prima reuniune din cadrul acestui proiect a avut loc, miercuri.<\/p>\n<p id=\"p-4\">Contractul care va stabili statutul Rom\u00e2niei ca \u021bar\u0103 invitat\u0103 de onoare la edi\u021bia din 2028 a T\u00e2rgului de carte din Frankfurt urmeaz\u0103 s\u0103 fie semnat vineri. Astfel, Rom\u00e2nia va intra formal \u00een perioada de preg\u0103tire.<\/p>\n<p id=\"p-5\">Potrivit ministrului, Germania este este cel mai important partener comercial \u0219i principal investitor str\u0103in dup\u0103 criteriul investitorului final, iar Frankfurt 2028 devine, astfel, un instrument strategic de diploma\u021bie public\u0103 \u0219i de consolidare a rela\u021biilor bilaterale la nivel politic, economic \u0219i academic.<\/p>\n<p id=\"p-6\">Dup\u0103 programul Timi\u0219oara 2023 \u2013 Capital\u0103 European\u0103 a Culturii, participarea la T\u00e2rgul de Carte din Frankfurt reprezint\u0103 cel mai amplu demers cultural al urm\u0103torilor ani, pe care Ministerul Culturii \u00eel descrie drept \u201eun proiect na\u021bional cu impact economic, diplomatic \u0219i identitar, asumat prin coordonare interinstitu\u021bional\u0103 \u0219i orientat c\u0103tre pozi\u021bionarea interna\u021bional\u0103 pe termen lung\u201d.<\/p>\n<p id=\"p-7\">&nbsp;<\/p>\n","protected":false},"excerpt":{"rendered":"<p>Potrivit comunicatului publicat, miercuri, de Ministerul Culturii, statutul marcheaz\u0103 intrarea \u021b\u0103rii noastre \u00eentr-un program de expunere interna\u021bional\u0103 cu impact cultural, economic \u0219i diplomatic major. \u201eRom\u00e2nia nu se prezint\u0103 doar la &hellip; <a href=\"https:\/\/microscopemedia.com\/?p=677496\" class=\"more-link\">Read More<\/a><\/p>\n","protected":false},"author":1,"featured_media":677497,"comment_status":"closed","ping_status":"closed","sticky":false,"template":"Default","format":"standard","meta":[],"categories":[1],"tags":[],"_links":{"self":[{"href":"https:\/\/microscopemedia.com\/index.php?rest_route=\/wp\/v2\/posts\/677496"}],"collection":[{"href":"https:\/\/microscopemedia.com\/index.php?rest_route=\/wp\/v2\/posts"}],"about":[{"href":"https:\/\/microscopemedia.com\/index.php?rest_route=\/wp\/v2\/types\/post"}],"author":[{"embeddable":true,"href":"https:\/\/microscopemedia.com\/index.php?rest_route=\/wp\/v2\/users\/1"}],"replies":[{"embeddable":true,"href":"https:\/\/microscopemedia.com\/index.php?rest_route=%2Fwp%2Fv2%2Fcomments&post=677496"}],"version-history":[{"count":0,"href":"https:\/\/microscopemedia.com\/index.php?rest_route=\/wp\/v2\/posts\/677496\/revisions"}],"wp:featuredmedia":[{"embeddable":true,"href":"https:\/\/microscopemedia.com\/index.php?rest_route=\/wp\/v2\/media\/677497"}],"wp:attachment":[{"href":"https:\/\/microscopemedia.com\/index.php?rest_route=%2Fwp%2Fv2%2Fmedia&parent=677496"}],"wp:term":[{"taxonomy":"category","embeddable":true,"href":"https:\/\/microscopemedia.com\/index.php?rest_route=%2Fwp%2Fv2%2Fcategories&post=677496"},{"taxonomy":"post_tag","embeddable":true,"href":"https:\/\/microscopemedia.com\/index.php?rest_route=%2Fwp%2Fv2%2Ftags&post=677496"}],"curies":[{"name":"wp","href":"https:\/\/api.w.org\/{rel}","templated":true}]}}