{"id":677498,"date":"2026-02-18T13:57:03","date_gmt":"2026-02-18T13:57:03","guid":{"rendered":"https:\/\/microscopemedia.com\/?p=677498"},"modified":"2026-02-18T13:57:03","modified_gmt":"2026-02-18T13:57:03","slug":"doi-senatori-romani-s-au-imbrancit-si-au-fost-la-un-pas-sa-se-ia-la-bataie-scandalul-provocat-de-o-senatoare","status":"publish","type":"post","link":"https:\/\/microscopemedia.com\/?p=677498","title":{"rendered":"Doi senatori rom\u00e2ni s-au \u00eembr\u00e2ncit \u0219i au fost la un pas s\u0103 se ia la b\u0103taie. Scandalul, provocat de o senatoare"},"content":{"rendered":"<div><img decoding=\"async\" src=\"https:\/\/microscopemedia.com\/wp-content\/uploads\/2026\/02\/doi-senatori-romani-s-au-imbrancit-si-au-fost-la-un-pas-sa-se-ia-la-bataie-scandalul-provocat-de-o-senatoare.png\" class=\"ff-og-image-inserted\"><\/div>\n<p id=\"p-0\">\u00cen scandal sunt implica\u021bi mai mul\u021bi senatori rom\u00e2ni. Conform unor imagini, senatoarea PSD, Victoria Stoiciu, intr\u0103 \u00eentr-un conflict verbal cu senatorul Liviu Fodorca de la grupul PACE. \u00cen ap\u0103rarea senatoarei sare un coleg de la PSD, parlamentarul Ionel Floroiu. El \u00eel \u00eembr\u00e2nce\u0219te pe senatorul din opozi\u021bie care \u021bine un telefon \u00een m\u00e2n\u0103.<\/p>\n<p id=\"p-1\">Un alt parlamentar a filmat \u00eentreaga scen\u0103. De asemenea, din sal\u0103 se aud mai multe voci. Dac\u0103 din conducerea plenului celor implica\u021bi li se cere s\u0103 se lini\u0219teasc\u0103, din sal\u0103 se fac diferite acuza\u021bii.<\/p>\n<p id=\"p-2\">\u201eNu pune m\u00e2na pe el, madame unde te crezi? Hei, hei, ia m\u00e2na de pe el. Ia uita\u021bi c\u00e2t de agresive sunt slugile pesediste\u201d, se aude pe fundal.<\/p>\n<p id=\"p-3\">Scandalul a fost aplanat de al\u021bi doi senatori.<\/p>\n","protected":false},"excerpt":{"rendered":"<p>\u00cen scandal sunt implica\u021bi mai mul\u021bi senatori rom\u00e2ni. Conform unor imagini, senatoarea PSD, Victoria Stoiciu, intr\u0103 \u00eentr-un conflict verbal cu senatorul Liviu Fodorca de la grupul PACE. \u00cen ap\u0103rarea senatoarei &hellip; <a href=\"https:\/\/microscopemedia.com\/?p=677498\" class=\"more-link\">Read More<\/a><\/p>\n","protected":false},"author":1,"featured_media":677499,"comment_status":"closed","ping_status":"closed","sticky":false,"template":"Default","format":"standard","meta":[],"categories":[1],"tags":[],"_links":{"self":[{"href":"https:\/\/microscopemedia.com\/index.php?rest_route=\/wp\/v2\/posts\/677498"}],"collection":[{"href":"https:\/\/microscopemedia.com\/index.php?rest_route=\/wp\/v2\/posts"}],"about":[{"href":"https:\/\/microscopemedia.com\/index.php?rest_route=\/wp\/v2\/types\/post"}],"author":[{"embeddable":true,"href":"https:\/\/microscopemedia.com\/index.php?rest_route=\/wp\/v2\/users\/1"}],"replies":[{"embeddable":true,"href":"https:\/\/microscopemedia.com\/index.php?rest_route=%2Fwp%2Fv2%2Fcomments&post=677498"}],"version-history":[{"count":0,"href":"https:\/\/microscopemedia.com\/index.php?rest_route=\/wp\/v2\/posts\/677498\/revisions"}],"wp:featuredmedia":[{"embeddable":true,"href":"https:\/\/microscopemedia.com\/index.php?rest_route=\/wp\/v2\/media\/677499"}],"wp:attachment":[{"href":"https:\/\/microscopemedia.com\/index.php?rest_route=%2Fwp%2Fv2%2Fmedia&parent=677498"}],"wp:term":[{"taxonomy":"category","embeddable":true,"href":"https:\/\/microscopemedia.com\/index.php?rest_route=%2Fwp%2Fv2%2Fcategories&post=677498"},{"taxonomy":"post_tag","embeddable":true,"href":"https:\/\/microscopemedia.com\/index.php?rest_route=%2Fwp%2Fv2%2Ftags&post=677498"}],"curies":[{"name":"wp","href":"https:\/\/api.w.org\/{rel}","templated":true}]}}