{"id":677512,"date":"2026-02-18T15:26:04","date_gmt":"2026-02-18T15:26:04","guid":{"rendered":"https:\/\/microscopemedia.com\/?p=677512"},"modified":"2026-02-18T15:26:04","modified_gmt":"2026-02-18T15:26:04","slug":"proiectul-de-oug-pentru-reforma-in-administratie-taieri-de-posturi-plafonari-si-exceptii-pentru-educatie-sanatate-si-aparare","status":"publish","type":"post","link":"https:\/\/microscopemedia.com\/?p=677512","title":{"rendered":"Proiectul de OUG pentru \u201ereforma \u00een administra\u021bie\u201d: t\u0103ieri de posturi, plafon\u0103ri \u0219i excep\u021bii pentru Educa\u021bie, S\u0103n\u0103tate \u0219i Ap\u0103rare"},"content":{"rendered":"<div><img decoding=\"async\" src=\"https:\/\/microscopemedia.com\/wp-content\/uploads\/2026\/02\/proiectul-de-oug-pentru-reforma-in-administratie-taieri-de-posturi-plafonari-si-exceptii-pentru-educatie-sanatate-si-aparare.jpg\" class=\"ff-og-image-inserted\"><\/div>\n<p id=\"p-0\">Potrivit proiectului, \u00een administra\u021bia public\u0103 local\u0103 este vizat\u0103 o sc\u0103dere a personalului, iar pentru administra\u021bia central\u0103 este prev\u0103zut\u0103 o reducere cu 10% a cheltuielilor de personal, urm\u00e2nd ca m\u0103surile s\u0103 fie aplicate \u00een 2026. \u00cen acela\u0219i timp, proiectul introduce excep\u021bii de la reducerile de personal pentru sistemele de \u00eenv\u0103\u021b\u0103m\u00e2nt \u0219i cultur\u0103, pentru spitalele publice \u0219i serviciile publice de ambulan\u021b\u0103, precum \u0219i pentru domeniul ap\u0103r\u0103rii, ordinii publice \u0219i securit\u0103\u021bii na\u021bionale, cu mecanisme compensatorii.<\/p>\n<h2 id=\"chapter-0\">T\u0103ieri la nivel local \u0219i termene de reorganizare<\/h2>\n<p id=\"p-1\">\u00cen zona administra\u021biei locale, proiectul opereaz\u0103 cu reducerea plafoanelor de posturi, cu termene pentru comunicarea noilor limite de personal \u0219i pentru adoptarea hot\u0103r\u00e2rilor de reorganizare la nivelul unit\u0103\u021bilor administrativ-teritoriale (UAT). Reorganizarea aparatului de specialitate al primarului \u0219i al consiliilor jude\u021bene, precum \u0219i a institu\u021biilor publice locale \u00eenfiin\u021bate prin hot\u0103r\u00e2ri ale autorit\u0103\u021bilor deliberative, ar urma s\u0103 fie finalizat\u0103 p\u00e2n\u0103 cel t\u00e2rziu la 1 iulie 2026.<\/p>\n<h2 id=\"chapter-1\">Prefecturi: reducere de posturi, cu excep\u021bii<\/h2>\n<p id=\"p-2\">Pentru eficientizarea activit\u0103\u021bii institu\u021biilor prefectului, proiectul prevede reducerea num\u0103rului maxim de posturi cu 25%, cu excep\u021bia structurilor de pa\u0219apoarte \u0219i de permise\/\u00eenmatricul\u0103ri. Documentul stabile\u0219te \u0219i calendarul de reorganizare, cu termen limit\u0103 tot 1 iulie 2026.<\/p>\n<h2 id=\"chapter-2\">Peste 6.100 de posturi de consilieri, eliminate<\/h2>\n<p id=\"p-3\">Proiectul propune diminuarea num\u0103rului de consilieri personali din cabinetele demnitarilor din administra\u021bia central\u0103 \u0219i local\u0103, \u00een func\u021bie de nivel \u0219i de m\u0103rimea UAT-urilor. Conform estim\u0103rilor din nota de fundamentare citat\u0103 \u00een prezentarea public\u0103 a proiectului, m\u0103sura ar duce la eliminarea a peste 6.100 de posturi de consilieri, dintr-un total de 10.126, cu o economie anual\u0103 estimat\u0103 la 362,63 milioane lei.<\/p>\n<h2 id=\"chapter-3\">Norm\u0103 mai strict\u0103 pentru poli\u021bia local\u0103<\/h2>\n<p id=\"p-4\">Documentul redimensioneaz\u0103 num\u0103rul de posturi din poli\u021bia local\u0103 \u00een func\u021bie de popula\u021bie, cu o norm\u0103 de un post la 1.200 de locuitori pentru comune, ora\u0219e, municipii \u0219i sectoare, respectiv un post la 6.500 de locuitori pentru jude\u021be \u0219i municipiul Bucure\u0219ti. De asemenea, UAT-urile cu sub 4.500 de locuitori nu ar putea \u00eenfiin\u021ba poli\u021bie local\u0103 dec\u00e2t dac\u0103 \u00ee\u0219i acoper\u0103 integral cheltuielile de func\u021bionare din venituri proprii, cu un plafon de maximum trei poli\u021bi\u0219ti locali.<\/p>\n<h2 id=\"chapter-4\">Plafon\u0103ri salariale \u0219i reducerea consiliilor de administra\u021bie<\/h2>\n<p id=\"p-5\">Proiectul include plafonarea salariului pre\u0219edintelui Autorit\u0103\u021bii Na\u021bionale de Reglementare pentru Serviciile Comunitare de Utilit\u0103\u021bi Publice, precum \u0219i limitarea unor salarii \u00een institu\u021bii din subordinea MDLPA prin grile de salarizare. Totodat\u0103, sunt propuse reduceri ale num\u0103rului de membri \u00een consiliile de administra\u021bie: la Agen\u021bia Na\u021bional\u0103 de Cadastru \u0219i Publicitate Imobiliar\u0103 (de la 9 la 5) \u0219i la Agen\u021bia Na\u021bional\u0103 pentru Locuin\u021be (la 5 membri).<\/p>\n<h2 id=\"chapter-5\">Cheltuieli de personal \u00een administra\u021bia central\u0103 \u0219i excep\u021biile<\/h2>\n<p id=\"p-6\">Pentru administra\u021bia central\u0103, proiectul prevede reducerea cu 10% a cheltuielilor de personal, cu termene de aprobare \u0219i implementare \u00een 2026. \u00cen cazul institu\u021biilor din familia ocupa\u021bional\u0103 \u201eAp\u0103rare, ordine public\u0103 \u0219i securitate na\u021bional\u0103\u201d, textul prevede compensarea reducerii prin efectele unei reforme a pensiilor militare de stat.<\/p>\n<h2 id=\"chapter-6\">C\u00e2nd ar urma s\u0103 fie aprobat\u0103 cre\u0219terea v\u00e2rstei de pensionare la militari<\/h2>\n<p id=\"p-7\">Proiectul stipuleaz\u0103 c\u0103, \u00een termen de maximum 30 de zile de la intrarea \u00een vigoare a OUG, Guvernul va aproba, la propunerea Ministerului Ap\u0103r\u0103rii Na\u021bionale \u0219i a Ministerului Afacerilor Interne, modificarea Legii nr. 223\/2015, \u00een vederea cre\u0219terii etapizate \u0219i progresive a v\u00e2rstei standard de pensionare, cu m\u0103suri tranzitorii \u0219i f\u0103r\u0103 afectarea persoanelor care \u00eendeplinesc condi\u021biile legale la data adopt\u0103rii actului normativ.<\/p>\n<h2 id=\"chapter-7\">Impact bugetar \u0219i context<\/h2>\n<p id=\"p-8\">Conform estim\u0103rilor prezentate \u00een nota de fundamentare, economiile bugetare ar fi de 1,64 miliarde lei \u00een acest an \u0219i de peste 3,07 miliarde lei \u00een perioada 2027\u20132030, \u00een condi\u021biile \u00een care Rom\u00e2nia \u0219i-a asumat o traiectorie de reducere a deficitului bugetar de la 7,9% \u00een 2024 la sub 3% \u00een 2031, prin reducerea ponderii cheltuielilor publice \u00een PIB.<\/p>\n<p id=\"p-9\">Proiectul de OUG se afl\u0103 \u00een consultare public\u0103.<\/p>\n","protected":false},"excerpt":{"rendered":"<p>Potrivit proiectului, \u00een administra\u021bia public\u0103 local\u0103 este vizat\u0103 o sc\u0103dere a personalului, iar pentru administra\u021bia central\u0103 este prev\u0103zut\u0103 o reducere cu 10% a cheltuielilor de personal, urm\u00e2nd ca m\u0103surile s\u0103 &hellip; <a href=\"https:\/\/microscopemedia.com\/?p=677512\" class=\"more-link\">Read More<\/a><\/p>\n","protected":false},"author":1,"featured_media":677513,"comment_status":"closed","ping_status":"closed","sticky":false,"template":"Default","format":"standard","meta":[],"categories":[1],"tags":[],"_links":{"self":[{"href":"https:\/\/microscopemedia.com\/index.php?rest_route=\/wp\/v2\/posts\/677512"}],"collection":[{"href":"https:\/\/microscopemedia.com\/index.php?rest_route=\/wp\/v2\/posts"}],"about":[{"href":"https:\/\/microscopemedia.com\/index.php?rest_route=\/wp\/v2\/types\/post"}],"author":[{"embeddable":true,"href":"https:\/\/microscopemedia.com\/index.php?rest_route=\/wp\/v2\/users\/1"}],"replies":[{"embeddable":true,"href":"https:\/\/microscopemedia.com\/index.php?rest_route=%2Fwp%2Fv2%2Fcomments&post=677512"}],"version-history":[{"count":0,"href":"https:\/\/microscopemedia.com\/index.php?rest_route=\/wp\/v2\/posts\/677512\/revisions"}],"wp:featuredmedia":[{"embeddable":true,"href":"https:\/\/microscopemedia.com\/index.php?rest_route=\/wp\/v2\/media\/677513"}],"wp:attachment":[{"href":"https:\/\/microscopemedia.com\/index.php?rest_route=%2Fwp%2Fv2%2Fmedia&parent=677512"}],"wp:term":[{"taxonomy":"category","embeddable":true,"href":"https:\/\/microscopemedia.com\/index.php?rest_route=%2Fwp%2Fv2%2Fcategories&post=677512"},{"taxonomy":"post_tag","embeddable":true,"href":"https:\/\/microscopemedia.com\/index.php?rest_route=%2Fwp%2Fv2%2Ftags&post=677512"}],"curies":[{"name":"wp","href":"https:\/\/api.w.org\/{rel}","templated":true}]}}