{"id":677516,"date":"2026-02-18T15:46:03","date_gmt":"2026-02-18T15:46:03","guid":{"rendered":"https:\/\/microscopemedia.com\/?p=677516"},"modified":"2026-02-18T15:46:03","modified_gmt":"2026-02-18T15:46:03","slug":"pozitia-comisiei-europene-dupa-decizia-ccr-privind-pensiile-speciale","status":"publish","type":"post","link":"https:\/\/microscopemedia.com\/?p=677516","title":{"rendered":"Pozi\u021bia Comisiei Europene dup\u0103 decizia CCR privind pensiile speciale"},"content":{"rendered":"<div><img decoding=\"async\" src=\"https:\/\/microscopemedia.com\/wp-content\/uploads\/2026\/02\/pozitia-comisiei-europene-dupa-decizia-ccr-privind-pensiile-speciale.jpg\" class=\"ff-og-image-inserted\"><\/div>\n<p id=\"p-0\">\u201eComisia a luat act de decizia <a href=\"https:\/\/www.mediafax.ro\/stirile-zilei\/update-decizie-finala-la-ccr-legea-pensiilor-speciale-ale-magistratilor-este-constitutionala-23688548\">Cur\u021bii Constitu\u021bionale a Rom\u00e2niei privind pensiile speciale<\/a>. Reforma pensiilor speciale face parte din a treia cerere de plat\u0103 pe care Rom\u00e2nia a depus-o \u00een decembrie 2023. \u00cen mai 2025, Comisia, \u00een decizia sa de punere \u00een aplicare, a suspendat 231 de milioane euro \u00een leg\u0103tur\u0103 cu Jalonul 215, care acoper\u0103 reforma pensiilor speciale .<\/p>\n<p id=\"p-1\">Conform Regulamentului RRF, Rom\u00e2nia a avut termen p\u00e2n\u0103 la 28 noiembrie 2025 pentru a remedia deficien\u021bele identificate \u00een Decizia Comisiei din mai 2025.<\/p>\n<p id=\"p-2\">La 28 noiembrie 2025, autorit\u0103\u021bile rom\u00e2ne au depus o cerere \u00een care explica modul \u00een care au abordat jaloanele suspendate.<\/p>\n<p id=\"p-3\">Comisia evalueaz\u0103 \u00een prezent aceast\u0103 cerere \u0219i informa\u021biile aferente \u0219i va informa autorit\u0103\u021bile rom\u00e2ne cu privire la constat\u0103rile sale \u00een timp util. Comisia nu poate comenta evalu\u0103rile \u00een curs\u201d, a declarat un purt\u0103tor de cuv\u00e2nt al Comisiei Europene, la solicitarea Mediafax.<\/p>\n<h2 id=\"chapter-0\">Ce au decis judec\u0103torii constitu\u021bionali<\/h2>\n<p id=\"p-4\">Ce au decis judec\u0103torii constitu\u021bionali<\/p>\n<p id=\"p-5\">Reuni\u021bi \u00eentr-o nou\u0103 \u0219edin\u021b\u0103 a Cur\u021bii Constitu\u021bionale \u0219i dup\u0103 5 am\u00e2n\u0103ri, cei 9 judec\u0103tori ai CCR au luat ast\u0103zi decizia pe reforma pensiilor speciale ale magistra\u021bilor pe care a insistat premierul Ilie Bolojan.<\/p>\n<p id=\"p-6\">Curtea Constitu\u021bional\u0103 a stabilit c\u0103 Guvernul \u0219i-a angajat r\u0103spunderea asupra Legii pentru modificarea \u0219i completarea unor acte normative din domeniul pensiilor de serviciu cu respectarea art.114 din Constitu\u021bie, \u00eentruc\u00e2t a reglementat un domeniu omogen de rela\u021bii sociale \u0219i a justificat at\u00e2t urgen\u021ba, c\u00e2t \u0219i necesitatea adopt\u0103rii legii.<\/p>\n<p id=\"p-7\">Cu privire la criticile de neconstitu\u021bionalitate extrinseci, Curtea a constatat c\u0103:<\/p>\n<p id=\"p-8\">angajarea r\u0103spunderii Guvernului \u00een fa\u021ba Camerei Deputa\u021bilor \u0219i Senatului, \u00een \u0219edin\u021b\u0103 comun\u0103, asupra unui proiect de lege este un aspect de natur\u0103 constitu\u021bional\u0103 al raporturilor dintre Guvern \u0219i Parlament, realiz\u00e2ndu-se, astfel, at\u00e2t controlul parlamentar, c\u00e2t \u0219i actul de legiferare \u00een sine. Reglement\u0103rile adoptate fac obiectul unui singur proiect de lege, au un obiect \u0219i scop unitar, respectiv m\u0103suri referitoare la reforma pensiilor de serviciu din sistemul justi\u021biei. Urgen\u021ba \u0219i necesitatea adopt\u0103rii legii au avut \u00een vedere evitarea accentu\u0103rii dezechilibrului bugetar \u0219i a obliga\u021biilor asumate prin cadrul normativ pentru implementarea Planului Na\u021bional de Redresare \u015fi Rezilien\u021b\u0103.<\/p>\n<p id=\"p-9\">Cu privire la criticile de neconstitu\u021bionalitate intrinsec\u0103, Curtea a constatat c\u0103:<\/p>\n<p id=\"p-10\">legea stabile\u0219te un mecanism tranzitoriu p\u00e2n\u0103 la atingerea v\u00e2rstei standard de pensionare din sistemul general de pensionare \u00een sistemul justi\u021biei, mecanism care valorific\u0103 un raport invers propor\u021bional \u00eentre nivelul vechimii \u00een func\u021bie \u0219i cel al v\u00e2rstei de pensionare;<\/p>\n<p id=\"p-11\">eliminarea, \u00een condi\u021biile prev\u0103zute de dispozi\u021biile legale criticate, a actualiz\u0103rii pensiilor de serviciu \u00een func\u021bie de indemniza\u021biile aflate \u00een plat\u0103 este \u00een sensul Deciziei Cur\u021bii Constitu\u021bionale nr.467 din 2 august 2023, paragraful 157;<\/p>\n<p id=\"p-12\">cu privire la dimensionarea cuantumului pensiei de serviciu, Curtea Constitu\u021bional\u0103 nu are competen\u021ba de a stabili nici valoarea nominal\u0103 de referin\u021b\u0103 a nivelului acesteia \u0219i nici valoarea procentual\u0103 ce se aplic\u0103 asupra bazei de calcul \u00een vederea determin\u0103rii acesteia.<\/p>\n<p id=\"p-13\">Decizia CCR este definitiv\u0103 \u0219i general obligatorie.<\/p>\n","protected":false},"excerpt":{"rendered":"<p>\u201eComisia a luat act de decizia Cur\u021bii Constitu\u021bionale a Rom\u00e2niei privind pensiile speciale. Reforma pensiilor speciale face parte din a treia cerere de plat\u0103 pe care Rom\u00e2nia a depus-o \u00een &hellip; <a href=\"https:\/\/microscopemedia.com\/?p=677516\" class=\"more-link\">Read More<\/a><\/p>\n","protected":false},"author":1,"featured_media":677517,"comment_status":"closed","ping_status":"closed","sticky":false,"template":"Default","format":"standard","meta":[],"categories":[1],"tags":[],"_links":{"self":[{"href":"https:\/\/microscopemedia.com\/index.php?rest_route=\/wp\/v2\/posts\/677516"}],"collection":[{"href":"https:\/\/microscopemedia.com\/index.php?rest_route=\/wp\/v2\/posts"}],"about":[{"href":"https:\/\/microscopemedia.com\/index.php?rest_route=\/wp\/v2\/types\/post"}],"author":[{"embeddable":true,"href":"https:\/\/microscopemedia.com\/index.php?rest_route=\/wp\/v2\/users\/1"}],"replies":[{"embeddable":true,"href":"https:\/\/microscopemedia.com\/index.php?rest_route=%2Fwp%2Fv2%2Fcomments&post=677516"}],"version-history":[{"count":0,"href":"https:\/\/microscopemedia.com\/index.php?rest_route=\/wp\/v2\/posts\/677516\/revisions"}],"wp:featuredmedia":[{"embeddable":true,"href":"https:\/\/microscopemedia.com\/index.php?rest_route=\/wp\/v2\/media\/677517"}],"wp:attachment":[{"href":"https:\/\/microscopemedia.com\/index.php?rest_route=%2Fwp%2Fv2%2Fmedia&parent=677516"}],"wp:term":[{"taxonomy":"category","embeddable":true,"href":"https:\/\/microscopemedia.com\/index.php?rest_route=%2Fwp%2Fv2%2Fcategories&post=677516"},{"taxonomy":"post_tag","embeddable":true,"href":"https:\/\/microscopemedia.com\/index.php?rest_route=%2Fwp%2Fv2%2Ftags&post=677516"}],"curies":[{"name":"wp","href":"https:\/\/api.w.org\/{rel}","templated":true}]}}