{"id":677524,"date":"2026-02-18T16:36:03","date_gmt":"2026-02-18T16:36:03","guid":{"rendered":"https:\/\/microscopemedia.com\/?p=677524"},"modified":"2026-02-18T16:36:03","modified_gmt":"2026-02-18T16:36:03","slug":"ministerul-educatiei-pentru-ca-a-nins-bucurati-va-responsabil-de-zapada","status":"publish","type":"post","link":"https:\/\/microscopemedia.com\/?p=677524","title":{"rendered":"Ministerul Educa\u021biei, pentru c\u0103 a nins: \u201eBucura\u021bi-v\u0103 responsabil de z\u0103pad\u0103\u201d!"},"content":{"rendered":"<div><img decoding=\"async\" src=\"https:\/\/microscopemedia.com\/wp-content\/uploads\/2026\/02\/ministerul-educatiei-pentru-ca-a-nins-bucurati-va-responsabil-de-zapada.jpg\" class=\"ff-og-image-inserted\"><\/div>\n<p id=\"p-0\">\u201eHai afar\u0103 la z\u0103pad\u0103\u201d, zice un c\u00e2ntec celebru, iar&nbsp; <a href=\"https:\/\/www.mediafax.ro\/stirile-zilei\/ilie-bolojan-a-anuntat-cand-va-fi-numit-noul-ministru-al-educatiei-23684292\">Ministerul Educa\u021biei<\/a>, care \u0219i-a descoperit pe nea\u0219teptate copilul interior odat\u0103 cu z\u0103pada care a acoperit toat\u0103 \u021bara, nu preget\u0103 \u0219i-i trimite pe p\u0103rin\u021bi afar\u0103 la joac\u0103.<\/p>\n<p id=\"p-1\">O postare pe Facebook a institu\u021biei ar putea s\u0103 sugereze c\u0103 aceasta este alc\u0103tuit\u0103 din oameni capabili de empatie \u0219i emo\u021bii \u0219i nu din robo\u021bei specializa\u021bi \u00een eficien\u021b\u0103 matematic\u0103.<\/p>\n<h2 id=\"chapter-0\">\u201eBucura\u021bi-v\u0103 responsabil\u201d!<\/h2>\n<p id=\"p-2\">\u201eDragi copii mai mici \u0219i mai mari, e oficial: a nins. Mult. Pe alocuri, foarte mult. Pentru cei afla\u021bi \u00een vacan\u021b\u0103 \u0219i pentru cei care nu sunt \u00een vacan\u021b\u0103 \u2013 bucura\u021bi-v\u0103 responsabil de z\u0103pad\u0103!<\/p>\n<p id=\"p-3\">Dragi p\u0103rin\u021bi, g\u0103si\u021bi-v\u0103 un pic de timp s\u0103 v\u0103 bucura\u021bi de z\u0103pad\u0103 al\u0103turi de copiii vo\u0219tri!\u201d, arat\u0103 postarea, care face apel, iat\u0103, la o bucurie \u201eresponsabil\u0103\u201d (pentru c\u0103 toat\u0103 lumea \u0219tie c\u0103 bucuria e un sentiment care d\u0103 adic\u021bie \u0219i c\u0103, prin urmare, trebuie consumat\u0103 \u201ecu responsabilitate\u201d).<\/p>\n<h2 id=\"chapter-1\">\u201eDragi profesori, v\u0103 preg\u0103tim mult\u0103 sclavageal\u0103\u201d<\/h2>\n<p id=\"p-4\">Reac\u021biile au oscilat de la sarcasm la pozitivitate (\u201eresponsabil\u0103\u201d, c\u0103 nu a fost o pozitivitate exagerat\u0103).<\/p>\n<p id=\"p-5\">\u201eDragi profesori, de voi ne vom bate joc \u00een continuare, nu vom da nici dou\u0103 parale pe opiniile voastre, dar ne vom preface \u00een continuare c\u0103 suntem interesa\u021bi \u0219i v\u0103 preg\u0103tim mult\u0103 sclavageal\u0103, f\u0103r\u0103 s\u0103 v\u0103 oferim nimic\u201d, a scris un utilizator.<\/p>\n<p id=\"p-6\">\u201eAm nou\u0103 seturi de teste de corectat\u201d, a scris altcineva, care nu \u0219tie s\u0103 se bucure, nici responsabil, nici iresponsabil.<\/p>\n<p id=\"p-7\">\u201eBine c\u0103 \u021bine totu\u0219i cineva cu noi\u2026\u201d, a scris altcineva, la care r\u0103spunsul a fost: \u201e\u021aine Bunul cu elevii din Rom\u00e2nia, chiar \u0219i cu cei care nu ajung la schi\u201d.<\/p>\n<p id=\"p-8\">\u201eCred c\u0103 cei care sunt \u00een vacan\u021b\u0103 au fugit to\u021bi la schi\u201d, a r\u0103spuns, cu sarcasm, altcineva, semn c\u0103 nici acesta nu \u0219tie s\u0103 se bucure responsabil.<\/p>\n","protected":false},"excerpt":{"rendered":"<p>\u201eHai afar\u0103 la z\u0103pad\u0103\u201d, zice un c\u00e2ntec celebru, iar&nbsp; Ministerul Educa\u021biei, care \u0219i-a descoperit pe nea\u0219teptate copilul interior odat\u0103 cu z\u0103pada care a acoperit toat\u0103 \u021bara, nu preget\u0103 \u0219i-i trimite &hellip; <a href=\"https:\/\/microscopemedia.com\/?p=677524\" class=\"more-link\">Read More<\/a><\/p>\n","protected":false},"author":1,"featured_media":677525,"comment_status":"closed","ping_status":"closed","sticky":false,"template":"Default","format":"standard","meta":[],"categories":[1],"tags":[],"_links":{"self":[{"href":"https:\/\/microscopemedia.com\/index.php?rest_route=\/wp\/v2\/posts\/677524"}],"collection":[{"href":"https:\/\/microscopemedia.com\/index.php?rest_route=\/wp\/v2\/posts"}],"about":[{"href":"https:\/\/microscopemedia.com\/index.php?rest_route=\/wp\/v2\/types\/post"}],"author":[{"embeddable":true,"href":"https:\/\/microscopemedia.com\/index.php?rest_route=\/wp\/v2\/users\/1"}],"replies":[{"embeddable":true,"href":"https:\/\/microscopemedia.com\/index.php?rest_route=%2Fwp%2Fv2%2Fcomments&post=677524"}],"version-history":[{"count":0,"href":"https:\/\/microscopemedia.com\/index.php?rest_route=\/wp\/v2\/posts\/677524\/revisions"}],"wp:featuredmedia":[{"embeddable":true,"href":"https:\/\/microscopemedia.com\/index.php?rest_route=\/wp\/v2\/media\/677525"}],"wp:attachment":[{"href":"https:\/\/microscopemedia.com\/index.php?rest_route=%2Fwp%2Fv2%2Fmedia&parent=677524"}],"wp:term":[{"taxonomy":"category","embeddable":true,"href":"https:\/\/microscopemedia.com\/index.php?rest_route=%2Fwp%2Fv2%2Fcategories&post=677524"},{"taxonomy":"post_tag","embeddable":true,"href":"https:\/\/microscopemedia.com\/index.php?rest_route=%2Fwp%2Fv2%2Ftags&post=677524"}],"curies":[{"name":"wp","href":"https:\/\/api.w.org\/{rel}","templated":true}]}}