{"id":677526,"date":"2026-02-18T16:46:03","date_gmt":"2026-02-18T16:46:03","guid":{"rendered":"https:\/\/microscopemedia.com\/?p=677526"},"modified":"2026-02-18T16:46:03","modified_gmt":"2026-02-18T16:46:03","slug":"poate-salva-romania-cele-230-de-milioane-din-pnrr-dupa-decizia-ccr-raspunsul-lui-bolojan","status":"publish","type":"post","link":"https:\/\/microscopemedia.com\/?p=677526","title":{"rendered":"Poate salva Rom\u00e2nia cele 230 de milioane din PNRR dup\u0103 decizia CCR? R\u0103spunsul lui Bolojan"},"content":{"rendered":"<div><img decoding=\"async\" src=\"https:\/\/microscopemedia.com\/wp-content\/uploads\/2026\/02\/poate-salva-romania-cele-230-de-milioane-din-pnrr-dupa-decizia-ccr-raspunsul-lui-bolojan.jpg\" class=\"ff-og-image-inserted\"><\/div>\n<p id=\"p-0\">\u201e<em>P<span class=\"cursor-pointer group\" title=\"Reda\u021bi \u00eencep\u00e2nd de la 0:14\"><span class=\"group-hover:bg-base-200 rounded p-0.5 -m-0.5\" data-start=\"13710\" data-end=\"22710\">rimul lucru pe care \u00eel vom face este s\u0103 continu\u0103m dialogul cu reprezentan\u021bii Comisiei Europene,<\/span><\/span>&nbsp;<\/em><span class=\"cursor-pointer group\" title=\"Reda\u021bi \u00eencep\u00e2nd de la 0:23\"><span class=\"group-hover:bg-base-200 rounded p-0.5 -m-0.5 bg-primary\/25 transition-all duration-200\" data-start=\"22710\" data-end=\"39010\" data-active><em>\u00een a\u0219a fel \u00eenc\u00e2t s\u0103 \u00eencerc\u0103m s\u0103 nu pierdem cei 230 de milioane de euro care au fost re\u021binu\u021bi din granturile pe care Rom\u00e2nia trebuia s\u0103 le primeasc\u0103 din fondurile europene\u201d,<\/em> a declarat Ilie Bolojan.&nbsp;<\/span><\/span><\/p>\n<p id=\"p-1\">Premierul a reamintit c\u0103 Rom\u00e2nia a avut un termen de \u00eendeplinire al jalonului din PNRR, \u00eens\u0103 din cauza am\u00e2n\u0103rilor care au fost f\u0103cute pe fondul deciziei CCR, Rom\u00e2nia a dep\u0103\u0219it termenul, iar Guvernul va trebui s\u0103 fac\u0103 tot ceea ce este posibil pentru a recupera suma de bani care \u00eenseamn\u0103 ni\u0219te \u201einvesti\u021bii importante\u201d pentru Rom\u00e2nia, dup\u0103 cum a declarat premierul.<\/p>\n<p id=\"p-2\">Potrivit premierului, Guvernul va afla dac\u0103 ace\u0219ti bani au fost sau nu pierdu\u021bi spre finalul lunii februarie, \u00eenceputul lunii martie.<\/p>\n","protected":false},"excerpt":{"rendered":"<p>\u201ePrimul lucru pe care \u00eel vom face este s\u0103 continu\u0103m dialogul cu reprezentan\u021bii Comisiei Europene,&nbsp;\u00een a\u0219a fel \u00eenc\u00e2t s\u0103 \u00eencerc\u0103m s\u0103 nu pierdem cei 230 de milioane de euro care &hellip; <a href=\"https:\/\/microscopemedia.com\/?p=677526\" class=\"more-link\">Read More<\/a><\/p>\n","protected":false},"author":1,"featured_media":677527,"comment_status":"closed","ping_status":"closed","sticky":false,"template":"Default","format":"standard","meta":[],"categories":[1],"tags":[],"_links":{"self":[{"href":"https:\/\/microscopemedia.com\/index.php?rest_route=\/wp\/v2\/posts\/677526"}],"collection":[{"href":"https:\/\/microscopemedia.com\/index.php?rest_route=\/wp\/v2\/posts"}],"about":[{"href":"https:\/\/microscopemedia.com\/index.php?rest_route=\/wp\/v2\/types\/post"}],"author":[{"embeddable":true,"href":"https:\/\/microscopemedia.com\/index.php?rest_route=\/wp\/v2\/users\/1"}],"replies":[{"embeddable":true,"href":"https:\/\/microscopemedia.com\/index.php?rest_route=%2Fwp%2Fv2%2Fcomments&post=677526"}],"version-history":[{"count":0,"href":"https:\/\/microscopemedia.com\/index.php?rest_route=\/wp\/v2\/posts\/677526\/revisions"}],"wp:featuredmedia":[{"embeddable":true,"href":"https:\/\/microscopemedia.com\/index.php?rest_route=\/wp\/v2\/media\/677527"}],"wp:attachment":[{"href":"https:\/\/microscopemedia.com\/index.php?rest_route=%2Fwp%2Fv2%2Fmedia&parent=677526"}],"wp:term":[{"taxonomy":"category","embeddable":true,"href":"https:\/\/microscopemedia.com\/index.php?rest_route=%2Fwp%2Fv2%2Fcategories&post=677526"},{"taxonomy":"post_tag","embeddable":true,"href":"https:\/\/microscopemedia.com\/index.php?rest_route=%2Fwp%2Fv2%2Ftags&post=677526"}],"curies":[{"name":"wp","href":"https:\/\/api.w.org\/{rel}","templated":true}]}}