{"id":677528,"date":"2026-02-18T16:56:03","date_gmt":"2026-02-18T16:56:03","guid":{"rendered":"https:\/\/microscopemedia.com\/?p=677528"},"modified":"2026-02-18T16:56:03","modified_gmt":"2026-02-18T16:56:03","slug":"bolojan-vrea-sa-creasca-varsta-de-pensionare-pentru-militari-si-politisti-dupa-decizia-ccr-privind-pensiile-magistratilor-ne-propunem-ca-in-luna-martie","status":"publish","type":"post","link":"https:\/\/microscopemedia.com\/?p=677528","title":{"rendered":"Bolojan vrea s\u0103 creasc\u0103 v\u00e2rsta de pensionare pentru militari \u0219i poli\u021bi\u0219ti, dup\u0103 decizia CCR privind pensiile magistra\u021bilor: \u201eNe propunem ca \u00een luna martie\u201d"},"content":{"rendered":"<div><img decoding=\"async\" src=\"https:\/\/microscopemedia.com\/wp-content\/uploads\/2026\/02\/bolojan-vrea-sa-creasca-varsta-de-pensionare-pentru-militari-si-politisti-dupa-decizia-ccr-privind-pensiile-magistratilor-ne-propunem-ca-in-luna-martie.jpg\" class=\"ff-og-image-inserted\"><\/div>\n<p id=\"p-0\">\u201eConsider c\u0103 pentru toate sistemele \u00een care se permite pensionarea la o v\u00e2rst\u0103 care \u00eenseamn\u0103 50, 51, 52 de ani, atunci c\u00e2nd un om este \u00een deplin\u0103tatea facult\u0103\u021bilor fizice \u0219i intelectuale, acolo unde pensia este c\u00e2t ultimul salariu, trebuie corectate lucrurile, nu doar din punct de vedere al inechit\u0103\u021bilor care sunt evidente pentru to\u021bi cet\u0103\u021benii \u0219i care au generat o stare de nemul\u021bumire justificat\u0103 \u0219i o sc\u0103dere a \u00eencrederii \u00een statul rom\u00e2n \u0219i \u00een guvern\u0103ri, ci \u0219i din punct de vedere al sustenabilit\u0103\u021bii sistemului nostru de pensii \u0219i din punct de vedere al unei economii s\u0103n\u0103toase\u201d, a spus <a href=\"https:\/\/www.mediafax.ro\/politic\/poate-salva-romania-cele-230-de-milioane-din-pnrr-dupa-decizia-ccr-raspunsul-lui-bolojan-23689245\">Ilie Bolojan<\/a> la Digi 24.<\/p>\n<p id=\"p-1\">Premierul a afirmat c\u0103, dac\u0103 nu este crescut\u0103 v\u00e2rsta de pensionare pentru aceste categorii, \u201evom fi \u00een situa\u021bia \u00een care \u00een anii urm\u0103tori nu mai e cine s\u0103-i \u00eenlocuiasc\u0103 pe cei care vor ie\u0219i la pensie\u201d, invoc\u00e2nd diferen\u021ba dintre genera\u021biile mai numeroase \u0219i cele care vin din urm\u0103.<\/p>\n<p id=\"p-2\">\u201eNe propunem ca \u00een luna martie, a\u0219a cum este prev\u0103zut \u0219i \u00een proiectul de ordonan\u021b\u0103 care este legat de reform\u0103 \u00een administra\u021bie, s\u0103 venim cu proiecte de legi care s\u0103 pun\u0103 \u00een practic\u0103 acest principiu care a fost stabilit ast\u0103zi de Curtea Constitu\u021bional\u0103\u201d, a ad\u0103ugat el.<\/p>\n<h2 id=\"chapter-0\">Categoriile vizate<\/h2>\n<p id=\"p-3\">\u00centrebat ce categorii ar urma s\u0103 fie vizate, Bolojan a indicat \u201e<strong>angaja\u021bii care \u021bin de Ministerul de Interne, zona de ap\u0103rare, zona de ordine public\u0103 \u0219i siguran\u021b\u0103 na\u021bional\u0103<\/strong>\u201d.<\/p>\n<p id=\"p-4\">\u00cen acela\u0219i timp, el a spus c\u0103 trebuie f\u0103cute diferen\u021bieri \u00eentre posturile cu solicitare fizic\u0103 ridicat\u0103 \u0219i cele de birou: \u201eExist\u0103 \u00een aceste zone situa\u021bii \u00een care solicit\u0103rile fizice, efortul \u021bin de ni\u0219te condi\u021bii dificile de munc\u0103, ne g\u00e2ndim la zone de para\u0219uti\u0219ti, de exemplu, sau de jandarmi care sunt \u00een linia \u00eent\u00e2i (\u2026) \u0219i exist\u0103 situa\u021bii \u00een care se poate lucra f\u0103r\u0103 niciun fel de probleme p\u00e2n\u0103 la 65 de ani \u00een condi\u021biile \u00een care stai \u00een paz\u0103, \u00eentr-un post sau lucrezi \u00eentr-o zon\u0103 de birouri\u201d.<\/p>\n<p id=\"p-5\">\u201eV\u00e2rsta de pensionare de 48-52 de ani nu mai poate fi suportat\u0103. Pensia, c\u00e2t ultimul salariu, nu mai poate fi suportat\u0103\u201d, a afirmat premierul, ad\u0103ug\u00e2nd c\u0103 este nevoie de \u201eo perioad\u0103 tranzitorie\u201d, pentru a evita \u201e\u0219ocuri \u00een sistem\u201d.<\/p>\n","protected":false},"excerpt":{"rendered":"<p>\u201eConsider c\u0103 pentru toate sistemele \u00een care se permite pensionarea la o v\u00e2rst\u0103 care \u00eenseamn\u0103 50, 51, 52 de ani, atunci c\u00e2nd un om este \u00een deplin\u0103tatea facult\u0103\u021bilor fizice \u0219i &hellip; <a href=\"https:\/\/microscopemedia.com\/?p=677528\" class=\"more-link\">Read More<\/a><\/p>\n","protected":false},"author":1,"featured_media":677529,"comment_status":"closed","ping_status":"closed","sticky":false,"template":"Default","format":"standard","meta":[],"categories":[1],"tags":[],"_links":{"self":[{"href":"https:\/\/microscopemedia.com\/index.php?rest_route=\/wp\/v2\/posts\/677528"}],"collection":[{"href":"https:\/\/microscopemedia.com\/index.php?rest_route=\/wp\/v2\/posts"}],"about":[{"href":"https:\/\/microscopemedia.com\/index.php?rest_route=\/wp\/v2\/types\/post"}],"author":[{"embeddable":true,"href":"https:\/\/microscopemedia.com\/index.php?rest_route=\/wp\/v2\/users\/1"}],"replies":[{"embeddable":true,"href":"https:\/\/microscopemedia.com\/index.php?rest_route=%2Fwp%2Fv2%2Fcomments&post=677528"}],"version-history":[{"count":0,"href":"https:\/\/microscopemedia.com\/index.php?rest_route=\/wp\/v2\/posts\/677528\/revisions"}],"wp:featuredmedia":[{"embeddable":true,"href":"https:\/\/microscopemedia.com\/index.php?rest_route=\/wp\/v2\/media\/677529"}],"wp:attachment":[{"href":"https:\/\/microscopemedia.com\/index.php?rest_route=%2Fwp%2Fv2%2Fmedia&parent=677528"}],"wp:term":[{"taxonomy":"category","embeddable":true,"href":"https:\/\/microscopemedia.com\/index.php?rest_route=%2Fwp%2Fv2%2Fcategories&post=677528"},{"taxonomy":"post_tag","embeddable":true,"href":"https:\/\/microscopemedia.com\/index.php?rest_route=%2Fwp%2Fv2%2Ftags&post=677528"}],"curies":[{"name":"wp","href":"https:\/\/api.w.org\/{rel}","templated":true}]}}