{"id":677532,"date":"2026-02-18T17:16:04","date_gmt":"2026-02-18T17:16:04","guid":{"rendered":"https:\/\/microscopemedia.com\/?p=677532"},"modified":"2026-02-18T17:16:04","modified_gmt":"2026-02-18T17:16:04","slug":"curtea-de-apel-bucuresti-critica-modificarile-privind-pensiile-magistratilor-ar-putea-avea-efecte-dramatice","status":"publish","type":"post","link":"https:\/\/microscopemedia.com\/?p=677532","title":{"rendered":"Curtea de Apel Bucure\u0219ti critic\u0103 modific\u0103rile privind pensiile magistra\u021bilor \/ \u201eAr putea avea efecte dramatice\u201d"},"content":{"rendered":"<div><img decoding=\"async\" src=\"https:\/\/microscopemedia.com\/wp-content\/uploads\/2026\/02\/curtea-de-apel-bucuresti-critica-modificarile-privind-pensiile-magistratilor-ar-putea-avea-efecte-dramatice.webp\" class=\"ff-og-image-inserted\"><\/div>\n<p id=\"p-0\">Curtea de Apel Bucure\u0219ti a transmis un comunicat oficial \u00een care \u00ee\u0219i exprim\u0103 \u00eengrijorarea fa\u021b\u0103 de decizia recent\u0103 a Cur\u021bii Constitu\u021bionale privind conformitatea proiectului de lege referitor la pensiile de serviciu ale magistra\u021bilor, apreciind c\u0103 aceasta poate reprezenta \u201eun regres \u00een statutul de independen\u021b\u0103\u201d al justi\u021biei.<\/p>\n<p id=\"p-1\">Institu\u021bia salut\u0103 totodat\u0103 pozi\u021bia public\u0103 exprimat\u0103 de Consiliul Superior al Magistraturii, reafirm\u00e2nd ata\u0219amentul fa\u021b\u0103 de valorile statului de drept \u0219i principiile europene.<\/p>\n<h2 id=\"chapter-0\"><strong>Avertisment privind efectele asupra sistemului judiciar<\/strong><\/h2>\n<p id=\"p-2\">\u00cen comunicat se arat\u0103 c\u0103 interven\u021bia legislativ\u0103, realizat\u0103 f\u0103r\u0103 o dezbatere real\u0103 \u0219i f\u0103r\u0103 luarea \u00een considerare a realit\u0103\u021bilor din sistem, ar putea genera dezechilibre grave \u00een func\u021bionarea puterii judec\u0103tore\u0219ti.<\/p>\n<p id=\"p-3\"><a href=\"https:\/\/www.mediafax.ro\/justitie\/sefa-curtii-de-apel-bucuresti-avem-un-dosar-inregistrat-in-2022-pentru-fapte-din-2006-e-vina-judecatorului-ca-se-prescrie-23686557\">Curtea de Apel<\/a> sus\u021bine c\u0103 modific\u0103rile propuse ignor\u0103 \u00eenc\u0103rc\u0103tura de munc\u0103, complexitatea dosarelor \u0219i deficitul major de resurse umane, elemente esen\u021biale pentru func\u021bionarea instan\u021belor. Potrivit documentului, reconfigurarea arhitecturii constitu\u021bionale prin ruperea echilibrului dintre puterile statului ar sl\u0103bi mecanismele de control \u00eempotriva excesului de putere.<\/p>\n<h2 id=\"chapter-1\">Efectele pot fi dramatice<\/h2>\n<p id=\"p-4\">\u201eInterven\u0163ia intempestiv\u0103 a acestei legi, \u00een lipsa unei dezbateri reale \u015fi cu ignorarea realit\u0103\u021bilor sistemului judiciar, va genera grave dezechilibre \u00een activitatea puterii judec\u0103tore\u015fti.<\/p>\n<p id=\"p-5\">\u00cen esen\u0163\u0103, ignor\u00e2nd complet realit\u0103\u021bile din instan\u021bele judec\u0103tore\u015fti din perspectiva \u00eenc\u0103rc\u0103turii, a complexit\u0103\u021bii, a deficitului major de resurse umane, puterea executiv\u0103 a ales reconfigurarea arhitecturii constitu\u0163ionale prin ruperea echilibrului \u00eentre puterile statului, singurul mecanism ce ac\u0163iona ca un filtru \u00een fa\u021ba excesului de putere\u201d, se arat\u0103 \u00een comunicat.<\/p>\n<p id=\"p-6\">Magistra\u021bii avertizeaz\u0103 c\u0103 efectele pot fi dramatice asupra func\u021bion\u0103rii sistemului judiciar, inclusiv prin depopularea instan\u021belor \u0219i afectarea calit\u0103\u021bii actului de justi\u021bie \u0219i a termenelor de solu\u021bionare a cauzelor.<\/p>\n<h2 id=\"chapter-2\">Rom\u00e2nia are de patru ori mai mult de munc\u0103 \u00een sistemul judiciar dec\u00e2t restul UE<\/h2>\n<p id=\"p-7\">Curtea de Apel Bucure\u0219ti \u0219i instan\u021bele din circumscrip\u021bia sa gestioneaz\u0103 aproximativ o treime din volumul de activitate na\u021bional, iar indicatorii de eficien\u021b\u0103 demonstreaz\u0103 eforturile depuse de judec\u0103tori \u0219i grefieri.<\/p>\n<p id=\"p-8\">Comunicatul subliniaz\u0103 necesitatea redimension\u0103rii normelor de munc\u0103, ar\u0103t\u00e2nd c\u0103 Rom\u00e2nia \u00eenregistreaz\u0103 un num\u0103r de dosare nou-intrate de aproape patru ori mai mare dec\u00e2t media european\u0103 (8,42 fa\u021b\u0103 de 2,20).<\/p>\n<h2 id=\"chapter-3\">M\u0103suri de redimensionare muncii prin normare<\/h2>\n<p id=\"p-9\">\u00cen acest context, orice modificare abrupt\u0103 a statutului judec\u0103torilor ar trebui realizat\u0103 cu responsabilitate \u0219i \u00een acord cu nevoia de coeziune a puterii judec\u0103tore\u0219ti, considerat\u0103 ultimul mecanism de garantare a independen\u021bei justi\u021biei \u00eentr-un stat democratic.<\/p>\n<p id=\"p-10\">\u201e\u00cen acest context, gestionarea eficient\u0103 a activit\u0103\u021bii judiciare, reclam\u0103 m\u0103suri de redimensionare muncii prin normare, astfel \u00eenc\u00e2t volumul de munc\u0103 s\u0103 fie similar mediei europene.<\/p>\n<p id=\"p-11\">Rom\u00e2nia \u00eenregistreaz\u0103 un num\u0103r evadruplu de cauze fa\u021b\u0103 de media european\u0103 a dosarelor nou-intrate (8,42 fa\u0163\u0103 de media european\u0103 de 2,20).<\/p>\n<p id=\"p-12\">Interven\u0163ia abrupt\u0103 a unor modific\u0103ri de substan\u021b\u0103 \u00een ceea ce prive\u015fte statutul judec\u0103torilor, reclam\u0103 responsabilitatea \u015fi coeziunea puterii judec\u0103tore\u015fti ca ultim mecanism de respectare independen\u021bei justi\u021biei, garan\u021bie a unui stat democratic\u201d, se arat\u0103 \u00een comunicat.<\/p>\n","protected":false},"excerpt":{"rendered":"<p>Curtea de Apel Bucure\u0219ti a transmis un comunicat oficial \u00een care \u00ee\u0219i exprim\u0103 \u00eengrijorarea fa\u021b\u0103 de decizia recent\u0103 a Cur\u021bii Constitu\u021bionale privind conformitatea proiectului de lege referitor la pensiile de &hellip; <a href=\"https:\/\/microscopemedia.com\/?p=677532\" class=\"more-link\">Read More<\/a><\/p>\n","protected":false},"author":1,"featured_media":677533,"comment_status":"closed","ping_status":"closed","sticky":false,"template":"Default","format":"standard","meta":[],"categories":[1],"tags":[],"_links":{"self":[{"href":"https:\/\/microscopemedia.com\/index.php?rest_route=\/wp\/v2\/posts\/677532"}],"collection":[{"href":"https:\/\/microscopemedia.com\/index.php?rest_route=\/wp\/v2\/posts"}],"about":[{"href":"https:\/\/microscopemedia.com\/index.php?rest_route=\/wp\/v2\/types\/post"}],"author":[{"embeddable":true,"href":"https:\/\/microscopemedia.com\/index.php?rest_route=\/wp\/v2\/users\/1"}],"replies":[{"embeddable":true,"href":"https:\/\/microscopemedia.com\/index.php?rest_route=%2Fwp%2Fv2%2Fcomments&post=677532"}],"version-history":[{"count":0,"href":"https:\/\/microscopemedia.com\/index.php?rest_route=\/wp\/v2\/posts\/677532\/revisions"}],"wp:featuredmedia":[{"embeddable":true,"href":"https:\/\/microscopemedia.com\/index.php?rest_route=\/wp\/v2\/media\/677533"}],"wp:attachment":[{"href":"https:\/\/microscopemedia.com\/index.php?rest_route=%2Fwp%2Fv2%2Fmedia&parent=677532"}],"wp:term":[{"taxonomy":"category","embeddable":true,"href":"https:\/\/microscopemedia.com\/index.php?rest_route=%2Fwp%2Fv2%2Fcategories&post=677532"},{"taxonomy":"post_tag","embeddable":true,"href":"https:\/\/microscopemedia.com\/index.php?rest_route=%2Fwp%2Fv2%2Ftags&post=677532"}],"curies":[{"name":"wp","href":"https:\/\/api.w.org\/{rel}","templated":true}]}}