{"id":677534,"date":"2026-02-18T17:26:04","date_gmt":"2026-02-18T17:26:04","guid":{"rendered":"https:\/\/microscopemedia.com\/?p=677534"},"modified":"2026-02-18T17:26:04","modified_gmt":"2026-02-18T17:26:04","slug":"cumulul-pensiei-cu-salariul-la-stat-limitat-ilie-bolojan-anunta-modelul-cu-doar-15-din-pensie-pentru-angajatii-reincadrati","status":"publish","type":"post","link":"https:\/\/microscopemedia.com\/?p=677534","title":{"rendered":"Cumulul pensiei cu salariul la stat, limitat? Ilie Bolojan anun\u021b\u0103 modelul cu doar 15% din pensie pentru angaja\u021bii re\u00eencadra\u021bi"},"content":{"rendered":"<div><img decoding=\"async\" src=\"https:\/\/microscopemedia.com\/wp-content\/uploads\/2026\/02\/cumulul-pensiei-cu-salariul-la-stat-limitat-ilie-bolojan-anunta-modelul-cu-doar-15-din-pensie-pentru-angajatii-reincadrati.jpg\" class=\"ff-og-image-inserted\"><\/div>\n<p id=\"p-0\">Bolojan a sugerat c\u0103 actualul sistem permite situa\u021bii \u00een care persoane <a href=\"https:\/\/www.mediafax.ro\/politic\/cumulul-pensie-salariu-sau-istoria-unui-experiment-politic-esuat-23687864\">cu venituri stabile cumuleaz\u0103 pensia \u0219i salariul<\/a>, \u00een timp ce al\u021bi profesioni\u0219ti r\u0103m\u00e2n \u00een afara sistemului. Argumentul central invocat de premier este unul social, nu doar economic. Acesta leag\u0103 reforma de reorganizarea institu\u021biilor publice \u0219i de eventualele audituri de personal, afirm\u00e2nd c\u0103 men\u021binerea \u00een func\u021bii a celor f\u0103r\u0103 alte venituri ar aduce mai mult\u0103 stabilitate \u0219i corectitudine \u00een sistem.<\/p>\n<p id=\"p-1\">\u201eAvem acest proiect preg\u0103tit \u0219i, \u00een zilele urm\u0103toare, \u00eel ve\u021bi vedea adoptat de Guvern. (\u2026)Dup\u0103 modelul care se aplic\u0103 la magistra\u021bi, \u00een condi\u021biile \u00een care, de exemplu, un magistrat lucreaz\u0103 \u00een sistemul de magistratur\u0103 dup\u0103 ce s-a pensionat, nu mai poate beneficia \u0219i de pensia integral\u0103, \u0219i de salariu, ci doar de 15% din valoarea pensiei.\u201d<\/p>\n<p id=\"p-2\">\u00centrebat dac\u0103 nu exist\u0103 temeri c\u0103 ar putae izbucni un nou scdandal \u0219i c\u0103 aceast\u0103 decizie va fi atacat\u0103 la Curtea Constitu\u021bional\u0103, premierul a spus c\u0103 este mult mai corect ca un om care are un venit stabil s\u0103 nu mai cumuleze pensia cu salariul.<\/p>\n<p id=\"p-3\">\u201eDac\u0103 este valabil actualul sistem pentru magistra\u021bi, s-ar prezuma c\u0103 ar trebui s\u0103 fie valabil \u0219i pentru celelalte categorii \u0219i trebuie s\u0103 discut\u0103m din nou foarte deschis. \u00cen condi\u021biile \u00een care se constat\u0103 c\u0103 \u00eentr-un minister sau \u00eentr-o autoritate central\u0103, de exemplu, exist\u0103, \u00een urma unui audit, mai mult personal dec\u00e2t este necesar, mi se pare c\u0103, din punct de vedere social \u0219i al stabilit\u0103\u021bii \u00een institu\u021bie, este mult mai corect ca un om care are un venit stabil s\u0103 nu mai cumuleze pensia cu salariul, iar cel care nu are un alt venit, dar este un bun profesionist, s\u0103 r\u0103m\u00e2n\u0103 \u00een sistem. \u00cen felul acesta ar fi un lucru mult mai echitabil social, dincolo de analizele economice\u201d, a afirmat Bolojan.<\/p>\n<p id=\"p-4\">&nbsp;<\/p>\n<p id=\"p-5\">&nbsp;<\/p>\n","protected":false},"excerpt":{"rendered":"<p>Bolojan a sugerat c\u0103 actualul sistem permite situa\u021bii \u00een care persoane cu venituri stabile cumuleaz\u0103 pensia \u0219i salariul, \u00een timp ce al\u021bi profesioni\u0219ti r\u0103m\u00e2n \u00een afara sistemului. Argumentul central invocat &hellip; <a href=\"https:\/\/microscopemedia.com\/?p=677534\" class=\"more-link\">Read More<\/a><\/p>\n","protected":false},"author":1,"featured_media":677535,"comment_status":"closed","ping_status":"closed","sticky":false,"template":"Default","format":"standard","meta":[],"categories":[1],"tags":[],"_links":{"self":[{"href":"https:\/\/microscopemedia.com\/index.php?rest_route=\/wp\/v2\/posts\/677534"}],"collection":[{"href":"https:\/\/microscopemedia.com\/index.php?rest_route=\/wp\/v2\/posts"}],"about":[{"href":"https:\/\/microscopemedia.com\/index.php?rest_route=\/wp\/v2\/types\/post"}],"author":[{"embeddable":true,"href":"https:\/\/microscopemedia.com\/index.php?rest_route=\/wp\/v2\/users\/1"}],"replies":[{"embeddable":true,"href":"https:\/\/microscopemedia.com\/index.php?rest_route=%2Fwp%2Fv2%2Fcomments&post=677534"}],"version-history":[{"count":0,"href":"https:\/\/microscopemedia.com\/index.php?rest_route=\/wp\/v2\/posts\/677534\/revisions"}],"wp:featuredmedia":[{"embeddable":true,"href":"https:\/\/microscopemedia.com\/index.php?rest_route=\/wp\/v2\/media\/677535"}],"wp:attachment":[{"href":"https:\/\/microscopemedia.com\/index.php?rest_route=%2Fwp%2Fv2%2Fmedia&parent=677534"}],"wp:term":[{"taxonomy":"category","embeddable":true,"href":"https:\/\/microscopemedia.com\/index.php?rest_route=%2Fwp%2Fv2%2Fcategories&post=677534"},{"taxonomy":"post_tag","embeddable":true,"href":"https:\/\/microscopemedia.com\/index.php?rest_route=%2Fwp%2Fv2%2Ftags&post=677534"}],"curies":[{"name":"wp","href":"https:\/\/api.w.org\/{rel}","templated":true}]}}