{"id":677542,"date":"2026-02-18T18:16:04","date_gmt":"2026-02-18T18:16:04","guid":{"rendered":"https:\/\/microscopemedia.com\/?p=677542"},"modified":"2026-02-18T18:16:04","modified_gmt":"2026-02-18T18:16:04","slug":"ucraina-solicita-cio-o-ancheta-interna-dupa-incidentul-cu-voluntara-rusa-de-la-deschiderea-jocurilor-olimpice","status":"publish","type":"post","link":"https:\/\/microscopemedia.com\/?p=677542","title":{"rendered":"Ucraina solicit\u0103 CIO o anchet\u0103 intern\u0103 dup\u0103 incidentul cu voluntara rus\u0103 de la deschiderea Jocurilor Olimpice"},"content":{"rendered":"<div><img decoding=\"async\" src=\"https:\/\/microscopemedia.com\/wp-content\/uploads\/2026\/02\/ucraina-solicita-cio-o-ancheta-interna-dupa-incidentul-cu-voluntara-rusa-de-la-deschiderea-jocurilor-olimpice.png\" class=\"ff-og-image-inserted\"><\/div>\n<p id=\"p-0\">Oficialul acuz\u0103 c\u0103 incidentul \u2013 \u00een care voluntara rusoaic\u0103, Anastasia Kucherova, a condus delega\u021bia Ucrainei la Milano Cortina, purt\u00e2nd pancarta Ucrainei \u2013 este contrar principiilor sportului interna\u021bional \u0219i solicit\u0103 declan\u0219area unei anchete interne \u00een cadrul Comitetului Olimpic Interna\u021bional (CIO), potrivit <a href=\"https:\/\/www.pravda.com.ua\/eng\/news\/2026\/02\/18\/8021630\/\" target=\"_blank\" rel=\"noopener\">Ukrainska Pravda.&nbsp;<\/a><\/p>\n<p id=\"p-1\"><em>\u201eFaptul c\u0103 CIO a ales un cet\u0103\u021bean rus pentru a purta steagul principal este dezonorant. Este ceva care dep\u0103\u0219e\u0219te orice principiu moral sau uman. Nici nu-mi pot imagina ce i-a trecut prin capul persoanei din cadrul CIO care a v\u0103zut c\u0103 aceast\u0103 rusoaic\u0103 a depus cererea \u0219i i-a aprobat-o\u201d<\/em>, a declarat Heorhii Tykhyi.<\/p>\n<p id=\"p-2\">Purt\u0103torul de cuv\u00e2nt al Ministerului de Externe din Ucraina a subliniat c\u0103, \u00een practica sportiv\u0103 interna\u021bional\u0103, \u021b\u0103rile aflate \u00een r\u0103zboi sunt, de obicei, \u021binute separate pentru a evita contactul direct. Oficialul este de p\u0103rere c\u0103 permiterea rusoaicei de a \u00eenso\u021bi delega\u021bia Ucrainei \u00eencalc\u0103 spiritul Cartei Olimpice.<\/p>\n<p id=\"p-3\"><a href=\"https:\/\/www.mediafax.ro\/externe\/o-rusoaica-a-purtat-pancarta-ucrainei-la-ceremonia-de-deschidere-a-jocurilor-olimpice-de-iarna-23688393\" target=\"_blank\" rel=\"noopener\">Femeia care a purtat pancarta Ucrainei<\/a> \u00een deschiderea Jocurilor Olimpice de la Milano Cortina este o voluntar\u0103 de origine rus\u0103, stabilit\u0103 \u00een Milano. Femeia a luat aceast\u0103 decizie pentru a-\u0219i ar\u0103ta sprijinul fa\u021b\u0103 de Ucraina.<\/p>\n<h2 id=\"chapter-0\">Sportivi ru\u0219i \u0219i bieloru\u0219i vor concura cu propriul steag la Paralimpice<\/h2>\n<p id=\"p-4\">Purt\u0103torul de cuv\u00e2nt a comentat, de asemenea, faptul c\u0103 \u0219ase sportivi ru\u0219i \u0219i patru sportivi belaru\u0219i vor concura la Jocurile Paralimpice din 2026 sub steagurile na\u021bionale ale \u021b\u0103rilor lor.<\/p>\n<p id=\"p-5\"><em>\u201eDin p\u0103cate, aceasta nu este singura ru\u0219ine care vine din partea sportului na\u021bional \u00een aceste zile. Privim acest lucru cu mare \u00eengrijorare \u0219i combatem foarte activ aceste \u00eencerc\u0103ri de a \u00abacoperi\u00bb crimele de r\u0103zboi ale Rusiei. Cea mai recent\u0103 a fost decizia olimpic\u0103 de a permite participarea unor sportivi sub steagul Rusiei. O alt\u0103 decizie ru\u0219inoas\u0103\u201d<\/em>, a declarat purt\u0103torul de cuv\u00e2nt al Ministerului ucrainean de Externe.<\/p>\n<p id=\"p-6\">Purt\u0103torul de cuv\u00e2nt a mai precizat c\u0103 <a href=\"https:\/\/www.mediafax.ro\/sport\/boicot-la-jocurile-paralimpice-de-iarna-dupa-ce-rusilor-li-s-a-permis-concurarea-sub-steag-oficialii-ucraineni-nu-vor-participa-la-niciun-eveniment-23689109\" target=\"_blank\" rel=\"noopener\">Andrii Sybiha,<\/a> ministrul Externelor din Ucraina s-a adresat deja ambasadorilor ucraineni, instruindu-i s\u0103 ia leg\u0103tura cu oficialii tuturor \u021b\u0103rilor care ar putea asista la ceremonia de inaugurare a Jocurilor Paralimpice, \u00eendemn\u00e2ndu-i s\u0103 se ab\u021bin\u0103 din a participa la deschidere.<\/p>\n<p id=\"p-7\">\u201eEste ru\u0219inos ca acest steag, sub care au fost comise 185.000 de crime de r\u0103zboi \u00een ultimii patru ani, s\u0103 fluture la Jocurile Paralimpice\u201d, a declarat purt\u0103torul de cuv\u00e2nt al Ministerului ucrainean de Externe.<\/p>\n<p id=\"p-8\">&nbsp;<\/p>\n","protected":false},"excerpt":{"rendered":"<p>Oficialul acuz\u0103 c\u0103 incidentul \u2013 \u00een care voluntara rusoaic\u0103, Anastasia Kucherova, a condus delega\u021bia Ucrainei la Milano Cortina, purt\u00e2nd pancarta Ucrainei \u2013 este contrar principiilor sportului interna\u021bional \u0219i solicit\u0103 declan\u0219area &hellip; <a href=\"https:\/\/microscopemedia.com\/?p=677542\" class=\"more-link\">Read More<\/a><\/p>\n","protected":false},"author":1,"featured_media":677543,"comment_status":"closed","ping_status":"closed","sticky":false,"template":"Default","format":"standard","meta":[],"categories":[1],"tags":[],"_links":{"self":[{"href":"https:\/\/microscopemedia.com\/index.php?rest_route=\/wp\/v2\/posts\/677542"}],"collection":[{"href":"https:\/\/microscopemedia.com\/index.php?rest_route=\/wp\/v2\/posts"}],"about":[{"href":"https:\/\/microscopemedia.com\/index.php?rest_route=\/wp\/v2\/types\/post"}],"author":[{"embeddable":true,"href":"https:\/\/microscopemedia.com\/index.php?rest_route=\/wp\/v2\/users\/1"}],"replies":[{"embeddable":true,"href":"https:\/\/microscopemedia.com\/index.php?rest_route=%2Fwp%2Fv2%2Fcomments&post=677542"}],"version-history":[{"count":0,"href":"https:\/\/microscopemedia.com\/index.php?rest_route=\/wp\/v2\/posts\/677542\/revisions"}],"wp:featuredmedia":[{"embeddable":true,"href":"https:\/\/microscopemedia.com\/index.php?rest_route=\/wp\/v2\/media\/677543"}],"wp:attachment":[{"href":"https:\/\/microscopemedia.com\/index.php?rest_route=%2Fwp%2Fv2%2Fmedia&parent=677542"}],"wp:term":[{"taxonomy":"category","embeddable":true,"href":"https:\/\/microscopemedia.com\/index.php?rest_route=%2Fwp%2Fv2%2Fcategories&post=677542"},{"taxonomy":"post_tag","embeddable":true,"href":"https:\/\/microscopemedia.com\/index.php?rest_route=%2Fwp%2Fv2%2Ftags&post=677542"}],"curies":[{"name":"wp","href":"https:\/\/api.w.org\/{rel}","templated":true}]}}