{"id":677544,"date":"2026-02-18T18:57:03","date_gmt":"2026-02-18T18:57:03","guid":{"rendered":"https:\/\/microscopemedia.com\/?p=677544"},"modified":"2026-02-18T18:57:03","modified_gmt":"2026-02-18T18:57:03","slug":"omul-care-nu-exista-dar-exista-jeno-major-alearga-mereu-dupa-lumina","status":"publish","type":"post","link":"https:\/\/microscopemedia.com\/?p=677544","title":{"rendered":"Omul care nu exist\u0103 dar exist\u0103 \/ Jeno Major alearg\u0103 mereu dup\u0103 lumin\u0103"},"content":{"rendered":"<p id=\"p-0\">Jeno Major e actor al teatrului Gong din Sibiu, dar are o pasiune nebun\u0103 pentru fotografie.<\/p>\n<p id=\"p-1\">Are p\u0103rul prins \u00een coad\u0103, poart\u0103 mereu o p\u0103l\u0103rie \u0219i e cel mai bun prieten al coclaurilor.<\/p>\n<div class=\"single__inline-gallery color-white mg-bottom-20 bg-black padding-5 md:rounded-10\">\n<div class=\"md:rounded-5 display-grid xs:grid-cols-2 grid-cols-3 gap-5\">\n<div class=\"single__inline-gallery-image relative column-span-2 row-span-2\">\n                <a href=\"https:\/\/www.mediafax.ro\/poze\/omul-care-nu-exista-dar-exista-jeno-major-alearga-mereu-dupa-lumina-23689310\"><br \/>\n                    <img decoding=\"async\" loading=\"lazy\" src=\"https:\/\/microscopemedia.com\/wp-content\/uploads\/2026\/02\/omul-care-nu-exista-dar-exista-jeno-major-alearga-mereu-dupa-lumina.jpg\" width=\"700\" height=\"450\"><br \/>\n                <\/a>\n                            <\/div>\n<div class=\"single__inline-gallery-image relative \">\n                <a href=\"https:\/\/www.mediafax.ro\/poze\/omul-care-nu-exista-dar-exista-jeno-major-alearga-mereu-dupa-lumina-23689310\"><br \/>\n                    <img decoding=\"async\" loading=\"lazy\" src=\"https:\/\/microscopemedia.com\/wp-content\/uploads\/2026\/02\/omul-care-nu-exista-dar-exista-jeno-major-alearga-mereu-dupa-lumina-1.jpg\" width=\"700\" height=\"450\"><br \/>\n                <\/a>\n                            <\/div>\n<\/p><\/div>\n<\/p><\/div>\n<p id=\"p-2\"><em>\u201eDe mic umblam cu tata la pescuit peste tot, prin Delt\u0103, pe la Olt, pe toate coclaurile. M\u0103 arunca \u00eentr-o claie de f\u00e2n \u0219i \u00ee\u0219i vedea de-ale lui\u201d. <\/em>Amintiri.<\/p>\n<p id=\"p-3\">Dup\u0103 anii de \u0219coal\u0103 d ela Sibiu, d\u0103 de Canal \u2013 iadul cel mai din iad posibil al epocii lui Ceau\u0219escu, al c\u0103rui fix cu Canalul Dun\u0103re \u2013 Marea Neagr\u0103 avea s\u0103-l arunce \u00een cea mai grea perioad\u0103 perioad\u0103 a vie\u021bii sale.<\/p>\n<p id=\"p-4\">La 19 ani!<\/p>\n<h2 id=\"chapter-0\">\u201eCeau\u0219escu \u00ee\u0219i dorea Canalul Dun\u0103re \u2013 Marea Neagr\u0103 chiar \u0219i cu pre\u021bul vie\u021bii oamenilor\u201d<\/h2>\n<p id=\"p-5\"><em>\u201eAm f\u0103cut armata la Canal, unde am muncit cot la cot cu militari \u0219i pu\u0219c\u0103ria\u0219i. Zilnic auzeai de b\u0103t\u0103i, furturi sau violuri petrecute \u00een satele din apropiere. Am v\u0103zut \u0219i mor\u021bi \u00een anii 1983\u20131984, c\u00e2nd Ceau\u0219escu \u00ee\u0219i dorea cu orice pre\u021b Canalul Dun\u0103re\u2013Marea Neagr\u0103, chiar \u0219i cu pre\u021bul vie\u021bilor omene\u0219ti\u201d<\/em>, scrie, \u00eentr-o postare, Consiliul Jude\u021bean Sibiu.<\/p>\n<p id=\"p-6\">Dup\u0103 milit\u0103rie, \u00een c\u00e2mpul muncii a ajuns tot \u021bin\u00e2nd o lopat\u0103 \u00een m\u00e2ini. <em>\u201eErau \u00eenc\u0103 \u0219apte colegi electricieni, to\u021bi rude \u00eentre ei. Pe mine m\u0103 puneau la lopat\u0103 \u0219i t\u00e2rn\u0103cop, jos, \u00een \u0219an\u021b. Ei cu patentul \u0219i firele, eu la s\u0103pat. Am rezistat un an \u0219i ceva, apoi am plecat.\u201d<\/em><\/p>\n<p id=\"p-7\">Soarta i-a r\u00e2nduit un loc sub lumina reflectoarelor. Avea s\u0103 descopere p\u0103pu\u0219ile \u0219i publicul Teatrului \u201eGong\u201d din Sibiu. <em>\u201eSunt deja de multi\u0219or la teatru \u0219i \u00eencep s\u0103 m\u0103 g\u00e2ndesc la varianta pension\u0103rii anticipate. A\u0219 avea mai mult timp pentru mine.\u201d<\/em><\/p>\n<h2 id=\"chapter-1\">Pensionarea nu ca abandon, ci ca timp pentru lumin\u0103<\/h2>\n<p id=\"p-8\">Dar pentru el, pensionarea nu e abandon, ci retragerea de sub lumina reflectoarelor pentru a c\u0103uta o lumin\u0103 mai bun\u0103: aia de la r\u0103s\u0103ritul \u0219i de la apusul soarelui, lumina aia care te bag\u0103-n boale \u0219i te face, privindu-i fotografiile, s\u0103 te \u00eentrebi dac\u0103 asta e adev\u0103rat sau doar se preface.<\/p>\n<p id=\"p-9\"><em>\u201eFotografii \u0219tiu c\u0103 exist\u0103 acel \u00abblue hour\u00bb, c\u00e2nd lumina este bl\u00e2nd\u0103, iar p\u0103m\u00e2ntul respir\u0103 prin cea\u021b\u0103. Este la o or\u0103 dup\u0103 r\u0103s\u0103rit \u0219i cu o or\u0103 \u00eenainte de apus. Atunci faci cele mai bune fotografii.\u201d<\/em><\/p>\n<p id=\"p-10\"><em>\u201e\u00cen fiecare fotografie surprind o f\u0103r\u00e2m\u0103 din opera Lui. Prefer cadre care s\u0103 nu fie \u00eenc\u0103rcate, astfel \u00eenc\u00e2t ochiul s\u0103 se poat\u0103 a\u0219eza \u0219i s\u0103 se odihneasc\u0103. De aceea am ales fotografia de peisaj.\u201d<\/em><\/p>\n<h2 id=\"chapter-2\">\u201eAvea doar un col\u021b de p\u00e2ine dar nu ne-a l\u0103sat s\u0103 plec\u0103m cu m\u00e2na goal\u0103\u201d<\/h2>\n<p id=\"p-11\">\u00cent\u00e2lnirea cu nana Armina din Fund\u0103tura Ponorului l-a marcat iremediabil:<\/p>\n<p id=\"p-12\"><em>\u201eEram coco\u021bat pe o st\u00e2nc\u0103 \u0219i am v\u0103zut \u00een vale un pom umbl\u0103tor. <\/em><em>Avea vreo 3\u20134 metri \u0219i se mi\u0219ca. Am realizat c\u0103 dedesubt se afla o f\u0103r\u00e2m\u0103 de femeie, care la acea vreme avea 80 de ani \u0219i c\u0103ra pomul pentru lemn de foc. C\u00e2nd l-a lep\u0103dat, a continuat s\u0103 trudeasc\u0103 pe l\u00e2ng\u0103 cas\u0103, la oi \u0219i \u00een gr\u0103din\u0103.\u201d<\/em><\/p>\n<p id=\"p-13\">A fost un moment care l-a transformat din fotograf \u00een simplu spectator, \u00eentruc\u00e2t, absorbit de peisaj, nu a putut face nici m\u0103car o poz\u0103.<\/p>\n<p id=\"p-14\"><em>\u201eAm descoperit oameni cu adev\u0103rat puri, departe de ora\u0219ul care le perverte\u0219te sufletul \u0219i felul de a tr\u0103i. <\/em><em>Nu demult, am intrat \u00eentr-o cas\u0103 din chirpici, locuit\u0103 de o femeie \u00een v\u00e2rst\u0103, uitat\u0103 de lume. Avea doar un col\u021b de p\u00e2ine uscat\u0103 pe mas\u0103, \u00eens\u0103, din toat\u0103 s\u0103r\u0103cia ei, nu ne-a l\u0103sat s\u0103 plec\u0103m cu m\u00e2na goal\u0103 \u0219i a mers la cuibar dup\u0103 ou\u0103 sau \u00een c\u0103mar\u0103 dup\u0103 dulcea\u021b\u0103.\u201d<\/em><\/p>\n<h2 id=\"chapter-3\">\u201e\u021aine-l tu, \u0103\u0219tia \u00eenc\u0103 mint poporul cu televizorul\u201d<\/h2>\n<p id=\"p-15\">De pervertirea modern\u0103 a min\u021bii fuge \u0219i Jeno.<\/p>\n<p id=\"p-16\">\u00cen urm\u0103 cu 13 ani a renun\u021bat la televizor.<\/p>\n<p id=\"p-17\"><em>\u201eI l-am dat cadou fierarului din Chirp\u0103r. <\/em><em>I-am zis: \u021aine-l tu, \u0103\u0219tia \u00eenc\u0103 mint poporul cu televizorul.\u201d<\/em><\/p>\n<p id=\"p-18\">Chiar dac\u0103 Fund\u0103tura Ponorului \u00eei este drag\u0103, Valea H\u00e2rtibaciului reu\u0219e\u0219te s\u0103-i ocupe multe ore la r\u0103s\u0103rit \u0219i la apus.<\/p>\n<p id=\"p-19\"><em>\u201eToate satele zonei se profileaz\u0103 pe Mun\u021bii F\u0103g\u0103ra\u0219, ceea ce este absolut extraordinar. Merge\u021bi \u00een \u021aichindeal, \u00een Nocrich sau \u00een Hosman. Oriunde ve\u021bi g\u0103si cadre minunate. Mul\u021bi caut\u0103 locuri exotice aiurea, \u00een lumea larg\u0103. Am umblat eu mult, \u00eens\u0103 locuri mai potrivite pentru fotografiat ca \u00een Rom\u00e2nia nu am g\u0103sit.\u201d<\/em><\/p>\n<h2 id=\"chapter-4\">Nu exist\u0103, dar exist\u0103<\/h2>\n<p id=\"p-20\">Sunt destui care cred c\u0103 Jeno Major nu exist\u0103, c\u0103 este doar o pl\u0103smuire a internetului.<\/p>\n<p id=\"p-21\"><em>\u201eAu venit oameni s\u0103 m\u0103 cunoasc\u0103, s\u0103 se conving\u0103 c\u0103 exist cu adev\u0103rat. <\/em><em>Unii m-au \u00eenso\u021bit \u00een ture foto, convin\u0219i c\u0103 vin la punct ochit, punct lovit. Fotografia este despre sculatul cu noaptea \u00een cap, despre perseveren\u021b\u0103 \u0219i r\u0103bdare. Dac\u0103 nu le ai, nu te apuci.\u201d<\/em><\/p>\n<p id=\"p-22\">Jeno Major nu are copii \u0219i \u0219tie c\u0103 nu va putea l\u0103sa cuiva mo\u0219tenire rodul muncii sale.<\/p>\n<p id=\"p-23\">N-o avea el copii, dar ave zeci de mii de urm\u0103ritori pe paginile de socializare care n-au venit aiurea-n tramvai, ci pentru coclaurii trimi\u0219i \u00een poz\u0103 \u2013 irealul \u0219i realul \u00een aceea\u0219i imagine \u2013 cum este posibil?<\/p>\n<h2 id=\"chapter-5\">ADN de ungur, dar mai rom\u00e2n ca rom\u00e2nii<\/h2>\n<p id=\"p-24\">\u201e<em>Nu mai trimit fotografii la concursuri interna\u021bionale, pentru c\u0103 fiecare imagine \u00eenscris\u0103 cost\u0103 20\u201330 de euro. Mai bine bag benzin\u0103 de banii \u0103\u0219tia. \u00cen plus, am diplome, medalii \u0219i cupe care trebuie \u0219terse de praf.\u201d<\/em><\/p>\n<p id=\"p-25\">Jeno Major se asigur\u0103 c\u0103 va l\u0103sa mo\u0219tenire imaginea unei lumi pe cale de dispari\u021bie. Crede c\u0103 \u00een urm\u0103torii 10\u201320 de ani nimeni nu se va mai \u00eencumeta s\u0103 locuiasc\u0103 \u00een creierii mun\u021bilor sau \u00een v\u0103i ad\u00e2nci, departe de ceea ce noi, ceilal\u021bi, numim civiliza\u021bie.<\/p>\n<p id=\"p-26\">Crede c\u0103 atunci vor fi pierit \u0219i ultimii oameni care \u00ee\u0219i mai \u00eempart bruma de hran\u0103 cu necunoscutul ce le trece pragul, \u00eentorc\u00e2ndu-i salutul de bun g\u0103sit cu c\u00e2teva merinde a\u0219ternute pe masa veche din lemn.<\/p>\n<p id=\"p-27\">Jeno Major este un sibian din tat\u0103 maghiar \u0219i mam\u0103 s\u0103soaic\u0103, \u00eens\u0103 iubirea pentru oamenii \u0219i locurile \u00een care s-a n\u0103scut \u00eel fac mai rom\u00e2n dec\u00e2t mul\u021bi care arboreaz\u0103 tricolorul la rever.<\/p>\n","protected":false},"excerpt":{"rendered":"<p>Jeno Major e actor al teatrului Gong din Sibiu, dar are o pasiune nebun\u0103 pentru fotografie. Are p\u0103rul prins \u00een coad\u0103, poart\u0103 mereu o p\u0103l\u0103rie \u0219i e cel mai bun &hellip; <a href=\"https:\/\/microscopemedia.com\/?p=677544\" class=\"more-link\">Read More<\/a><\/p>\n","protected":false},"author":1,"featured_media":677545,"comment_status":"closed","ping_status":"closed","sticky":false,"template":"Default","format":"standard","meta":[],"categories":[1],"tags":[],"_links":{"self":[{"href":"https:\/\/microscopemedia.com\/index.php?rest_route=\/wp\/v2\/posts\/677544"}],"collection":[{"href":"https:\/\/microscopemedia.com\/index.php?rest_route=\/wp\/v2\/posts"}],"about":[{"href":"https:\/\/microscopemedia.com\/index.php?rest_route=\/wp\/v2\/types\/post"}],"author":[{"embeddable":true,"href":"https:\/\/microscopemedia.com\/index.php?rest_route=\/wp\/v2\/users\/1"}],"replies":[{"embeddable":true,"href":"https:\/\/microscopemedia.com\/index.php?rest_route=%2Fwp%2Fv2%2Fcomments&post=677544"}],"version-history":[{"count":0,"href":"https:\/\/microscopemedia.com\/index.php?rest_route=\/wp\/v2\/posts\/677544\/revisions"}],"wp:featuredmedia":[{"embeddable":true,"href":"https:\/\/microscopemedia.com\/index.php?rest_route=\/wp\/v2\/media\/677545"}],"wp:attachment":[{"href":"https:\/\/microscopemedia.com\/index.php?rest_route=%2Fwp%2Fv2%2Fmedia&parent=677544"}],"wp:term":[{"taxonomy":"category","embeddable":true,"href":"https:\/\/microscopemedia.com\/index.php?rest_route=%2Fwp%2Fv2%2Fcategories&post=677544"},{"taxonomy":"post_tag","embeddable":true,"href":"https:\/\/microscopemedia.com\/index.php?rest_route=%2Fwp%2Fv2%2Ftags&post=677544"}],"curies":[{"name":"wp","href":"https:\/\/api.w.org\/{rel}","templated":true}]}}