{"id":677546,"date":"2026-02-18T19:17:04","date_gmt":"2026-02-18T19:17:04","guid":{"rendered":"https:\/\/microscopemedia.com\/?p=677546"},"modified":"2026-02-18T19:17:04","modified_gmt":"2026-02-18T19:17:04","slug":"ministrul-finantelor-dupa-decizia-ccr-privind-pensiile-magistratilor-este-piesa-lipsa-dintr-un-puzzle-al-normalitatii","status":"publish","type":"post","link":"https:\/\/microscopemedia.com\/?p=677546","title":{"rendered":"Ministrul Finan\u021belor, dup\u0103 decizia CCR privind pensiile magistra\u021bilor: \u201eeste piesa lips\u0103 dintr-un puzzle al normalit\u0103\u021bii\u201d"},"content":{"rendered":"<div><img decoding=\"async\" src=\"https:\/\/microscopemedia.com\/wp-content\/uploads\/2026\/02\/ministrul-finantelor-dupa-decizia-ccr-privind-pensiile-magistratilor-este-piesa-lipsa-dintr-un-puzzle-al-normalitatii.jpg\" class=\"ff-og-image-inserted\"><\/div>\n<p id=\"p-0\">\u201eReforma pensiilor este constitu\u021bional\u0103. Un pas necesar pentru corectitudine \u0219i stabilitate bugetar\u0103. Decizia de ast\u0103zi privind reforma pensiilor speciale nu este doar una juridic\u0103, ci \u0219i un semnal de corectitudine a\u0219teptat de \u00eentreaga societate. Este piesa lips\u0103 dintr-un puzzle al normalit\u0103\u021bii. Prin reechilibrarea criteriilor de echitate \u0219i prin m\u0103suri de s\u0103n\u0103tate economic\u0103, rea\u0219ez\u0103m economia Rom\u00e2niei pe baze sustenabile, cu impact direct asupra deficitului bugetar \u0219i a capacit\u0103\u021bii statului de a investi constant\u201d, a scris <a href=\"https:\/\/www.mediafax.ro\/economic\/bolojan-si-nazare-examen-joi-la-prima-ora-testul-moodys-pentru-buget-deficit-si-pensii-23689301\">Alexandru Nazare<\/a> \u00eentr-o postare pe Facebook.<\/p>\n<p id=\"p-1\">Ministrul a spus c\u0103 \u00een primele \u0219apte luni de mandat a urm\u0103rit \u201erestabilirea unei rela\u021bii corecte cu Comisia European\u0103\u201d, astfel \u00eenc\u00e2t Rom\u00e2nia s\u0103 poat\u0103 negocia cu credibilitate forma actual\u0103 a PNRR \u0219i s\u0103 nu pun\u0103 \u00een pericol fondurile europene \u201eat\u00e2t de necesare pentru relansare\u201d.<\/p>\n<p id=\"p-2\">\u201ePrin discu\u021bii \u015fi negocieri intense am reu\u0219it s\u0103 salv\u0103m finan\u021barea unor proiecte esen\u021biale, precum Autostrada Moldovei, s\u0103 ob\u021binem a doua cea mai mare alocare din Programul SAFE, prin care Rom\u00e2nia va avea la dispozi\u021bie peste 16 miliarde de euro pentru modernizarea infrastructurii \u0219i a industriei de ap\u0103rare \u0219i s\u0103 agre\u0103m o traiectorie care s\u0103 ne permit\u0103 ie\u0219irea din procedura de deficit excesiv f\u0103r\u0103 a genera \u0219ocuri structurale. Toat\u0103 aceast\u0103 credibilitate putea fi trecut\u0103 iar sub semnul \u00eentreb\u0103rii f\u0103r\u0103 decizia de azi a CCR\u201d, a precizat ministrul Finan\u021belor.<\/p>\n<h2 id=\"chapter-0\">Dou\u0103 efecte dup\u0103 decizia CCR: \u201ereducem povara bugetului\u201d \u0219i \u201ecredibilitate extern\u0103\u201d<\/h2>\n<p id=\"p-3\">Acesta afirm\u0103 c\u0103 sunt \u201e2 efecte pe termen mediu \u0219i lung\u201d avute \u00een vedere dup\u0103 hot\u0103r\u00e2rea Cur\u021bii Constitu\u021bionale.<\/p>\n<p id=\"p-4\">\u201eReducem povara bugetului. Diminu\u0103m cheltuielile statului cu pensiile speciale, ceea ce poate crea spa\u021biul fiscal-bugetar necesar pentru a direc\u021biona, \u00een timp, resursele acolo unde este cu adev\u0103rat nevoie \u2014 investi\u021bii, infrastructur\u0103, educa\u021bie \u0219i s\u0103n\u0103tate \u2014 domenii unde efectele se pot traduce \u00een servicii publice mai bune, locuri de munc\u0103 \u0219i cre\u0219tere economic\u0103\u201d, a sublinat&nbsp; Nazare.<\/p>\n<p id=\"p-5\">De asemenea, ministrul indic\u0103 \u0219i un efect legat de rela\u021bia cu partenerii externi.<\/p>\n<p id=\"p-6\">\u201eCredibilitate extern\u0103. Este \u00eenc\u0103 un semnal pe care Rom\u00e2nia \u00eel transmite partenerilor interna\u021bionali: c\u0103 are capacitatea s\u0103 \u00ee\u0219i duc\u0103 reformele la cap\u0103t, chiar dac\u0103, \u00een cazul acestei reforme, o facem cu \u00eent\u00e2rziere. Acest interval ne poate costa \u00eens\u0103 231 de milioane de euro din PNRR, ca urmare a ne\u00eendeplinirii calendarului asumat cu Comisia European\u0103; corectarea situa\u021biei cre\u0219te \u00eens\u0103 \u0219ansele debloc\u0103rii fondurilor europene \u0219i men\u021binerii unui cost mai redus al finan\u021b\u0103rii statului\u201d, a ad\u0103ugat acesta.<\/p>\n<p id=\"p-7\">\u201eDoar prin schimb\u0103ri reale de structur\u0103 \u0219i prin predictibilitate putem proteja viitorul economic al \u021b\u0103rii. Controlul cheltuielilor curente, atragerea fondurilor europene \u0219i consolidarea \u00eencrederii investitorilor \u0219i partenerilor europeni r\u0103m\u00e2n priorit\u0103\u021bi majore pentru acest an, cu efecte directe asupra stabilit\u0103\u021bii economice \u0219i a nivelului de trai.\u201d, a conchis ministrul Finan\u021belor.<\/p>\n","protected":false},"excerpt":{"rendered":"<p>\u201eReforma pensiilor este constitu\u021bional\u0103. Un pas necesar pentru corectitudine \u0219i stabilitate bugetar\u0103. Decizia de ast\u0103zi privind reforma pensiilor speciale nu este doar una juridic\u0103, ci \u0219i un semnal de corectitudine &hellip; <a href=\"https:\/\/microscopemedia.com\/?p=677546\" class=\"more-link\">Read More<\/a><\/p>\n","protected":false},"author":1,"featured_media":677547,"comment_status":"closed","ping_status":"closed","sticky":false,"template":"Default","format":"standard","meta":[],"categories":[1],"tags":[],"_links":{"self":[{"href":"https:\/\/microscopemedia.com\/index.php?rest_route=\/wp\/v2\/posts\/677546"}],"collection":[{"href":"https:\/\/microscopemedia.com\/index.php?rest_route=\/wp\/v2\/posts"}],"about":[{"href":"https:\/\/microscopemedia.com\/index.php?rest_route=\/wp\/v2\/types\/post"}],"author":[{"embeddable":true,"href":"https:\/\/microscopemedia.com\/index.php?rest_route=\/wp\/v2\/users\/1"}],"replies":[{"embeddable":true,"href":"https:\/\/microscopemedia.com\/index.php?rest_route=%2Fwp%2Fv2%2Fcomments&post=677546"}],"version-history":[{"count":0,"href":"https:\/\/microscopemedia.com\/index.php?rest_route=\/wp\/v2\/posts\/677546\/revisions"}],"wp:featuredmedia":[{"embeddable":true,"href":"https:\/\/microscopemedia.com\/index.php?rest_route=\/wp\/v2\/media\/677547"}],"wp:attachment":[{"href":"https:\/\/microscopemedia.com\/index.php?rest_route=%2Fwp%2Fv2%2Fmedia&parent=677546"}],"wp:term":[{"taxonomy":"category","embeddable":true,"href":"https:\/\/microscopemedia.com\/index.php?rest_route=%2Fwp%2Fv2%2Fcategories&post=677546"},{"taxonomy":"post_tag","embeddable":true,"href":"https:\/\/microscopemedia.com\/index.php?rest_route=%2Fwp%2Fv2%2Ftags&post=677546"}],"curies":[{"name":"wp","href":"https:\/\/api.w.org\/{rel}","templated":true}]}}