{"id":677550,"date":"2026-02-18T19:46:04","date_gmt":"2026-02-18T19:46:04","guid":{"rendered":"https:\/\/microscopemedia.com\/?p=677550"},"modified":"2026-02-18T19:46:04","modified_gmt":"2026-02-18T19:46:04","slug":"grindeanu-despre-discutiile-cu-nicusor-dan-presedintele-vrea-sa-crestem-ajutorul-pentru-gaza-legea-femicidului-printre-prioritati","status":"publish","type":"post","link":"https:\/\/microscopemedia.com\/?p=677550","title":{"rendered":"Grindeanu, despre discu\u021biile cu Nicu\u0219or Dan: Pre\u0219edintele vrea s\u0103 cre\u0219tem ajutorul pentru Gaza. Legea femicidului, printre priorit\u0103\u021bi"},"content":{"rendered":"<div><img decoding=\"async\" src=\"https:\/\/microscopemedia.com\/wp-content\/uploads\/2026\/02\/grindeanu-despre-discutiile-cu-nicusor-dan-presedintele-vrea-sa-crestem-ajutorul-pentru-gaza-legea-femicidului-printre-prioritati.png\" class=\"ff-og-image-inserted\"><\/div>\n<p id=\"p-0\">Discu\u021biile au avut loc \u00eentr-un context politic tensionat, \u00een care adoptarea bugetului depinde de sus\u021binerea m\u0103surilor sociale cerute de social-democra\u021bi. Grindeanu a spus c\u0103 atmosfera \u00eent\u00e2lnirii a fost una orientat\u0103 spre solu\u021bii, contrar specula\u021biilor ap\u0103rute \u00een spa\u021biul public.<\/p>\n<p id=\"p-1\">Potrivit acestuia, pe l\u00e2ng\u0103 subiectele economice, \u0219eful statului a cerut detalii despre proiecte legislative aflate \u00een Parlament \u0219i despre m\u0103suri umanitare externe.<\/p>\n<p id=\"p-2\">\u201e\u0218i despre buget, \u0219i despre lucruri care nu \u021bin de buget, dar despre partea legislativ\u0103. De exemplu, am discutat \u0219i avea o preocupare legat\u0103 de legea aceasta \u0219i absolut necesar\u0103, care e pe parcurs parlamentar, femicidul, \u0219i a cerut am\u0103nunte lucrurile acestea.\u201d<\/p>\n<h2 id=\"chapter-0\">Ajutorul pentru Gaza ar putea fi extins<\/h2>\n<p id=\"p-3\">Grindeanu a afirmat c\u0103 administra\u021bia preziden\u021bial\u0103 a propus cre\u0219terea sprijinului acordat civililor din Gaza, dup\u0103 opera\u021biunile umanitare realizate deja de Rom\u00e2nia.<\/p>\n<p id=\"p-4\">\u201eNe-a informat, de exemplu, despre o dorin\u021b\u0103 a administra\u021biei preziden\u021biale, \u0219i eu sunt absolut deschis la asta \u0219i ofer toat\u0103 sus\u021binerea, s\u0103 m\u0103rim ajutorul pe care Rom\u00e2nia l-a dat \u00een Gaza. \u0218ti\u021bi c\u0103 noi am reu\u0219it s\u0103 ne ocup\u0103m de cam 120 de copii adu\u0219i \u00een \u021bar\u0103, care \u00eempreun\u0103 cu \u00eenso\u021bitorii undeva la 300 de persoane, \u0219i atunci e vorba de un angajament de a m\u0103ri num\u0103rul acesta undeva p\u00e2n\u0103 la 1.000. Pre\u0219edintele ne-a expus opinia administra\u021biei \u0219i am fost de acord\u201d, a declarat pre\u0219edintele social-democrat.<\/p>\n<p id=\"p-5\">Liderul PSD a precizat c\u0103 discu\u021biile au vizat \u0219i deblocarea unor proiecte considerate \u00eent\u00e2rziate.<\/p>\n<p id=\"p-6\">\u201eChiar una care nu s-a potrivit deloc cu ceea ce a ap\u0103rut \u00een pres\u0103 toat\u0103 lumea. Preocupat\u0103 de a rezolva lucruri \u0219i de a debloca anumite subiecte, anumite proiecte care par a fi fost blocate.\u201d<\/p>\n<h2 id=\"chapter-1\">PSD condi\u021bioneaz\u0103 votul pe buget<\/h2>\n<p id=\"p-7\">\u00cen ceea ce prive\u0219te adoptarea bugetului, Grindeanu a reafirmat c\u0103 PSD \u00ee\u0219i men\u021bine condi\u021bia privind introducerea unui pachet de protec\u021bie social\u0103, invoc\u00e2nd sc\u0103derea puterii de cump\u0103rare.<\/p>\n<p id=\"p-8\">\u201eEvident. \u0218i nu are nicio leg\u0103tur\u0103 cu ce ar fi trebuit s\u0103 se \u00eent\u00e2mple s\u0103 nu mai r\u0103m\u00e2n\u0103. Puterea de cump\u0103rare a rom\u00e2nilor de c\u00e2nd a venit acest guvern a sc\u0103zut, din care \u0219i PSD-ul face parte. V\u0103 dau un exemplu. C\u00e2nd a venit acest guvern, infla\u021bia era de 5%, suntem la 10%. \u00cen anul trecut, cel pu\u021bin din aceast\u0103 perspectiv\u0103, puterea de cump\u0103rare a rom\u00e2nilor a sc\u0103zut cu 10%. Iar aceste lucruri se v\u0103d cel mai tare la cei cu venituri mici\u201d, a afirmat Grindeanu.<\/p>\n<p id=\"p-9\">Social-democra\u021bii sus\u021bin c\u0103 m\u0103surile propuse vizeaz\u0103 \u00een special pensionarii cu venituri reduse \u0219i continuarea mecanismelor de sprijin aplicate anterior.<\/p>\n<p id=\"p-10\">\u201eDe aceea PSD-ul vine cu acest pachet care se adreseaz\u0103 pensiilor mici. Avem acel sistem ON-OFF care a func\u021bionat anul trecut, \u00een 2025\u201d, a conchis liderul PSD.<\/p>\n","protected":false},"excerpt":{"rendered":"<p>Discu\u021biile au avut loc \u00eentr-un context politic tensionat, \u00een care adoptarea bugetului depinde de sus\u021binerea m\u0103surilor sociale cerute de social-democra\u021bi. Grindeanu a spus c\u0103 atmosfera \u00eent\u00e2lnirii a fost una orientat\u0103 &hellip; <a href=\"https:\/\/microscopemedia.com\/?p=677550\" class=\"more-link\">Read More<\/a><\/p>\n","protected":false},"author":1,"featured_media":677551,"comment_status":"closed","ping_status":"closed","sticky":false,"template":"Default","format":"standard","meta":[],"categories":[1],"tags":[],"_links":{"self":[{"href":"https:\/\/microscopemedia.com\/index.php?rest_route=\/wp\/v2\/posts\/677550"}],"collection":[{"href":"https:\/\/microscopemedia.com\/index.php?rest_route=\/wp\/v2\/posts"}],"about":[{"href":"https:\/\/microscopemedia.com\/index.php?rest_route=\/wp\/v2\/types\/post"}],"author":[{"embeddable":true,"href":"https:\/\/microscopemedia.com\/index.php?rest_route=\/wp\/v2\/users\/1"}],"replies":[{"embeddable":true,"href":"https:\/\/microscopemedia.com\/index.php?rest_route=%2Fwp%2Fv2%2Fcomments&post=677550"}],"version-history":[{"count":0,"href":"https:\/\/microscopemedia.com\/index.php?rest_route=\/wp\/v2\/posts\/677550\/revisions"}],"wp:featuredmedia":[{"embeddable":true,"href":"https:\/\/microscopemedia.com\/index.php?rest_route=\/wp\/v2\/media\/677551"}],"wp:attachment":[{"href":"https:\/\/microscopemedia.com\/index.php?rest_route=%2Fwp%2Fv2%2Fmedia&parent=677550"}],"wp:term":[{"taxonomy":"category","embeddable":true,"href":"https:\/\/microscopemedia.com\/index.php?rest_route=%2Fwp%2Fv2%2Fcategories&post=677550"},{"taxonomy":"post_tag","embeddable":true,"href":"https:\/\/microscopemedia.com\/index.php?rest_route=%2Fwp%2Fv2%2Ftags&post=677550"}],"curies":[{"name":"wp","href":"https:\/\/api.w.org\/{rel}","templated":true}]}}