{"id":677552,"date":"2026-02-18T19:57:04","date_gmt":"2026-02-18T19:57:04","guid":{"rendered":"https:\/\/microscopemedia.com\/?p=677552"},"modified":"2026-02-18T19:57:04","modified_gmt":"2026-02-18T19:57:04","slug":"sorin-grindeanu-guvernez-nu-doar-pentru-miliardari","status":"publish","type":"post","link":"https:\/\/microscopemedia.com\/?p=677552","title":{"rendered":"Sorin Grindeanu: \u201eGuvernez nu doar pentru miliardari\u201d"},"content":{"rendered":"<div><img decoding=\"async\" src=\"https:\/\/microscopemedia.com\/wp-content\/uploads\/2026\/02\/sorin-grindeanu-guvernez-nu-doar-pentru-miliardari.jpg\" class=\"ff-og-image-inserted\"><\/div>\n<p id=\"p-0\">\u201eC\u00e2nd a venit acest guvern, infla\u021bia era de 5%, suntem la 10%\u201d, a declarat vicepremierul Sorin Grindeanu la Digi24, \u00eentr-o discu\u021bie privind puterea de cump\u0103rare a rom\u00e2nilor \u0219i s\u0103r\u0103cirea lor progresiv\u0103.<\/p>\n<p id=\"p-1\"><a href=\"https:\/\/www.mediafax.ro\/politic\/grindeanu-dupa-decizia-ccr-privind-pensiile-speciale-am-incredere-ca-nu-vom-pierde-banii-europeni-23688966\">Grindeanu<\/a> a recunoscut impactul infla\u021biei asupra popula\u021biei \u0219i a mai explicat c\u0103 pachetul de solidaritate aflat \u00een discu\u021bie are ca \u021bint\u0103 exact categoriile sociale cele mai vulnerabile: persoanele cu dizabilit\u0103\u021bi, pensionarii cu pensii mici \u0219i alte categorii.<\/p>\n<p id=\"p-2\">\u201ePuterea de cump\u0103rare a rom\u00e2nilor a sc\u0103zut. C\u00e2nd a venit acest guvern, infla\u021bia era de 5%, suntem la 10%\u201d, a spus Grindeanu.<\/p>\n<p id=\"p-3\">\u201eAnul trecut, cel pu\u021bin din aceast\u0103 perspectiv\u0103, puterea de cump\u0103rare a rom\u00e2nilor a sc\u0103zut cu 10%. Iar aceste lucruri se v\u0103d cel mai tare la cei cu venituri mici\u201d.<\/p>\n<h2 id=\"chapter-0\">Pachet social \u201e\u021bintit\u201d de p\u00e2n\u0103 la 4 miliarde de lei<\/h2>\n<p id=\"p-4\">Vicepremierul a anun\u021bat c\u0103 PSD sus\u021bine introducerea unui pachet social destinat categoriilor vulnerabile, care ar putea ajunge la aproximativ 4 miliarde de lei.<\/p>\n<p id=\"p-5\">\u201eSuma total\u0103 este undeva p\u00e2n\u0103 \u00een 4 miliarde un efort \u021bintit pe care guvernul va trebui s\u0103-l fac\u0103 c\u0103tre persoanele vulnerabile\u201d, a spus Grindeanu, preciz\u00e2nd c\u0103 sprijinul ar putea viza pensionarii, veteranii de r\u0103zboi, fo\u0219tii de\u021binu\u021bi politici, persoanele cu dizabilit\u0103\u021bi \u0219i mamele cu venituri reduse.<\/p>\n<p id=\"p-6\">Printre m\u0103surile analizate se num\u0103r\u0103 pl\u0103\u021bi punctuale (\u201eone-off\u201d), dup\u0103 modelul aplicat \u00een 2025, precum \u0219i ajust\u0103ri ale sprijinului acordat persoanelor cu dizabilit\u0103\u021bi.<\/p>\n<h2 id=\"chapter-1\">Vouchere pentru energie dup\u0103 liberalizarea pie\u021bei<\/h2>\n<p id=\"p-7\">O alt\u0103 tem\u0103 discutat\u0103 este posibilitatea acord\u0103rii de vouchere pentru energie dup\u0103 liberalizarea pie\u021bei, programat\u0103 pentru aprilie.<\/p>\n<p id=\"p-8\">E o discu\u021bie, nu e luat\u0103 o decizie (\u2026), ar trebui s\u0103 avem grij\u0103 de cei cu venituri mici\u201d, a spus Grindeanu.<\/p>\n<p id=\"p-9\">Costul unei eventuale scheme de sprijin ar putea fi de 500\u2013600 de milioane de lei, ceea ce ar ridica efortul total la aproximativ 4,2 miliarde lei.<\/p>\n<p id=\"p-10\">\u201eLa un PIB de peste 2.000 de miliarde, acest efort nu e o problem\u0103\u201d, a subliniat Grindeanu.<\/p>\n<h2 id=\"chapter-2\">&nbsp;\u201eGuvernez nu doar pentru miliardari\u201d<\/h2>\n<p id=\"p-11\">Grindeanu a insistat c\u0103 m\u0103surile sociale sunt necesare pentru reducerea inegalit\u0103\u021bilor.<\/p>\n<p id=\"p-12\">\u201eGuvernez \u00een \u021bara asta nu doar pentru miliardari. Guvernez \u0219i pentru rom\u00e2nii care n-au venituri mari.\u201d<\/p>\n<p id=\"p-13\">El a recunoscut c\u0103 inegalit\u0103\u021bile s-au accentuat:<\/p>\n<p id=\"p-14\">\u201eAnul trecut, cei care au c\u00e2\u0219tigat bine au c\u00e2\u0219tigat \u0219i mai bine. Cei care au avut salarii mici au tr\u0103it \u0219i mai prost.\u201d<\/p>\n<h2 id=\"chapter-3\">Nu se vor t\u0103ia investi\u021biile, dar ritmul ar putea \u00eencetini<\/h2>\n<p id=\"p-15\">\u00cen contextul dezbaterilor privind echilibrul bugetar, Grindeanu a respins ideea c\u0103 sprijinul social ar reduce investi\u021biile.<\/p>\n<p id=\"p-16\">\u201eNu e adev\u0103rat\u2026 asta e o poveste pe care \u00eencearc\u0103 s\u0103 o v\u00e2nd\u0103 unii\u201d.<\/p>\n","protected":false},"excerpt":{"rendered":"<p>\u201eC\u00e2nd a venit acest guvern, infla\u021bia era de 5%, suntem la 10%\u201d, a declarat vicepremierul Sorin Grindeanu la Digi24, \u00eentr-o discu\u021bie privind puterea de cump\u0103rare a rom\u00e2nilor \u0219i s\u0103r\u0103cirea lor &hellip; <a href=\"https:\/\/microscopemedia.com\/?p=677552\" class=\"more-link\">Read More<\/a><\/p>\n","protected":false},"author":1,"featured_media":677553,"comment_status":"closed","ping_status":"closed","sticky":false,"template":"Default","format":"standard","meta":[],"categories":[1],"tags":[],"_links":{"self":[{"href":"https:\/\/microscopemedia.com\/index.php?rest_route=\/wp\/v2\/posts\/677552"}],"collection":[{"href":"https:\/\/microscopemedia.com\/index.php?rest_route=\/wp\/v2\/posts"}],"about":[{"href":"https:\/\/microscopemedia.com\/index.php?rest_route=\/wp\/v2\/types\/post"}],"author":[{"embeddable":true,"href":"https:\/\/microscopemedia.com\/index.php?rest_route=\/wp\/v2\/users\/1"}],"replies":[{"embeddable":true,"href":"https:\/\/microscopemedia.com\/index.php?rest_route=%2Fwp%2Fv2%2Fcomments&post=677552"}],"version-history":[{"count":0,"href":"https:\/\/microscopemedia.com\/index.php?rest_route=\/wp\/v2\/posts\/677552\/revisions"}],"wp:featuredmedia":[{"embeddable":true,"href":"https:\/\/microscopemedia.com\/index.php?rest_route=\/wp\/v2\/media\/677553"}],"wp:attachment":[{"href":"https:\/\/microscopemedia.com\/index.php?rest_route=%2Fwp%2Fv2%2Fmedia&parent=677552"}],"wp:term":[{"taxonomy":"category","embeddable":true,"href":"https:\/\/microscopemedia.com\/index.php?rest_route=%2Fwp%2Fv2%2Fcategories&post=677552"},{"taxonomy":"post_tag","embeddable":true,"href":"https:\/\/microscopemedia.com\/index.php?rest_route=%2Fwp%2Fv2%2Ftags&post=677552"}],"curies":[{"name":"wp","href":"https:\/\/api.w.org\/{rel}","templated":true}]}}