{"id":677554,"date":"2026-02-18T20:17:03","date_gmt":"2026-02-18T20:17:03","guid":{"rendered":"https:\/\/microscopemedia.com\/?p=677554"},"modified":"2026-02-18T20:17:03","modified_gmt":"2026-02-18T20:17:03","slug":"grindeanu-explica-de-ce-nu-rezoneaza-cu-premierul-bolojan","status":"publish","type":"post","link":"https:\/\/microscopemedia.com\/?p=677554","title":{"rendered":"Grindeanu explic\u0103 de ce nu rezoneaz\u0103 cu premierul Bolojan"},"content":{"rendered":"<div><img decoding=\"async\" src=\"https:\/\/microscopemedia.com\/wp-content\/uploads\/2026\/02\/grindeanu-explica-de-ce-nu-rezoneaza-cu-premierul-bolojan.jpg\" class=\"ff-og-image-inserted\"><\/div>\n<p id=\"p-0\"><em>\u201e<span class=\"cursor-pointer group\" title=\"Reda\u021bi \u00eencep\u00e2nd de la 4:55\"><span class=\"group-hover:bg-base-200 rounded p-0.5 -m-0.5\" data-start=\"294830\" data-end=\"298970\">Poate uneori atitudinea asta mai de felcer,<\/span><\/span>&nbsp;<span class=\"cursor-pointer group\" title=\"Reda\u021bi \u00eencep\u00e2nd de la 5:00\"><span class=\"group-hover:bg-base-200 rounded p-0.5 -m-0.5\" data-start=\"299690\" data-end=\"303050\">care mai \u00eent\u00e2i taie \u0219i dup\u0103 aceea m\u0103soar\u0103,<\/span><\/span>&nbsp;<span class=\"cursor-pointer group\" title=\"Reda\u021bi \u00eencep\u00e2nd de la 5:04\"><span class=\"group-hover:bg-base-200 rounded p-0.5 -m-0.5\" data-start=\"303970\" data-end=\"306110\">e una cu care nu rezonez. <\/span><\/span><span class=\"cursor-pointer group\" title=\"Reda\u021bi \u00eencep\u00e2nd de la 5:08\"><span class=\"group-hover:bg-base-200 rounded p-0.5 -m-0.5\" data-start=\"307510\" data-end=\"309610\">Nu fac lucrurile \u00een forma asta.<\/span><\/span>&nbsp;<\/em><span class=\"cursor-pointer group\" title=\"Reda\u021bi \u00eencep\u00e2nd de la 5:10\"><span class=\"group-hover:bg-base-200 rounded p-0.5 -m-0.5\" data-start=\"309610\" data-end=\"313150\"><em>M\u0103sor foarte bine \u0219i dup\u0103 aceea iau decizii de t\u0103iere\u201d<\/em>, a declarat \u0219eful PSD, Sorin Grindeanu.<\/span><\/span><\/p>\n<p id=\"p-1\">Grindeanu a mai precizat c\u0103 \u00eel \u0219tie dinainte s\u0103 fie premier \u0219i c\u0103 are o rela\u021bie institu\u021bional\u0103 cu Bolojan.<\/p>\n<p id=\"p-2\"><em>\u201e<span class=\"cursor-pointer group\" title=\"Reda\u021bi \u00eencep\u00e2nd de la 3:03\"><span class=\"group-hover:bg-base-200 rounded p-0.5 -m-0.5\" data-start=\"182550\" data-end=\"188590\">\u00cel \u0219tiu pe Ilie Bolojan dinainte de a fi prim-ministru. <\/span><\/span><span class=\"cursor-pointer group\" title=\"Reda\u021bi \u00eencep\u00e2nd de la 3:10\"><span class=\"group-hover:bg-base-200 rounded p-0.5 -m-0.5\" data-start=\"190050\" data-end=\"193990\">Am o rela\u021bie institu\u021bional\u0103 cu domnia sa.<\/span><\/span>&nbsp;<span class=\"cursor-pointer group\" title=\"Reda\u021bi \u00eencep\u00e2nd de la 3:15\"><span class=\"group-hover:bg-base-200 rounded p-0.5 -m-0.5\" data-start=\"194890\" data-end=\"199150\">Ce spun public \u00eei spun \u0219i \u00een privat.<\/span><\/span> Cu d<\/em><span class=\"cursor-pointer group\" title=\"Reda\u021bi \u00eencep\u00e2nd de la 3:19\"><span class=\"group-hover:bg-base-200 rounded p-0.5 -m-0.5\" data-start=\"199150\" data-end=\"205290\"><em>omnul Ilie Bolojan, nu suntem cu inimioare trimise pe grupuri de WhatsApp. <span class=\"cursor-pointer group\" title=\"Reda\u021bi \u00eencep\u00e2nd de la 3:33\">De asta spun, c\u0103 nu suntem la apropierea asta \u0219i&nbsp;<\/span><\/em><\/span><\/span><span class=\"cursor-pointer group\" title=\"Reda\u021bi \u00eencep\u00e2nd de la 3:19\"><span class=\"group-hover:bg-base-200 rounded p-0.5 -m-0.5\" data-start=\"199150\" data-end=\"205290\"><em><span class=\"cursor-pointer group\" title=\"Reda\u021bi \u00eencep\u00e2nd de la 3:42\">nu cred c\u0103 asta a\u0219teapt\u0103 rom\u00e2nii de la noi<\/span><\/em><\/span><\/span><span class=\"cursor-pointer group\" title=\"Reda\u021bi \u00eencep\u00e2nd de la 3:19\"><span class=\"group-hover:bg-base-200 rounded p-0.5 -m-0.5\" data-start=\"199150\" data-end=\"205290\"><em>\u201d<\/em>, a declarat Grindeanu.&nbsp;<\/span><\/span><\/p>\n<p id=\"p-3\">Dup\u0103 intrarea Rom\u00e2niei \u00een recesiune tehnic\u0103, Grindeanu l-a atacat dur pe premier, preciz\u00e2nd c\u0103 <em>\u201eexist\u0103 un vinovat pentru direc\u021bia \u00een care Rom\u00e2nia a fost \u00eempins\u0103: \u00eenc\u0103p\u0103\u021b\u00e2narea dus\u0103 la absurd, rezisten\u021ba acerb\u0103 la orice argument ra\u021bional, obsesia permanent\u0103 pentru imagine \u0219i calculele personale \u00een locul dialogului real \u0219i al solu\u021biilor economice solide. Acesta este adev\u0103ratul bilan\u021b la \u0219ase luni de mandat\u201d<\/em>, a declarat Grindeanu s\u0103pt\u0103m\u00e2na trecut\u0103.<\/p>\n","protected":false},"excerpt":{"rendered":"<p>\u201ePoate uneori atitudinea asta mai de felcer,&nbsp;care mai \u00eent\u00e2i taie \u0219i dup\u0103 aceea m\u0103soar\u0103,&nbsp;e una cu care nu rezonez. Nu fac lucrurile \u00een forma asta.&nbsp;M\u0103sor foarte bine \u0219i dup\u0103 aceea &hellip; <a href=\"https:\/\/microscopemedia.com\/?p=677554\" class=\"more-link\">Read More<\/a><\/p>\n","protected":false},"author":1,"featured_media":677555,"comment_status":"closed","ping_status":"closed","sticky":false,"template":"Default","format":"standard","meta":[],"categories":[1],"tags":[],"_links":{"self":[{"href":"https:\/\/microscopemedia.com\/index.php?rest_route=\/wp\/v2\/posts\/677554"}],"collection":[{"href":"https:\/\/microscopemedia.com\/index.php?rest_route=\/wp\/v2\/posts"}],"about":[{"href":"https:\/\/microscopemedia.com\/index.php?rest_route=\/wp\/v2\/types\/post"}],"author":[{"embeddable":true,"href":"https:\/\/microscopemedia.com\/index.php?rest_route=\/wp\/v2\/users\/1"}],"replies":[{"embeddable":true,"href":"https:\/\/microscopemedia.com\/index.php?rest_route=%2Fwp%2Fv2%2Fcomments&post=677554"}],"version-history":[{"count":0,"href":"https:\/\/microscopemedia.com\/index.php?rest_route=\/wp\/v2\/posts\/677554\/revisions"}],"wp:featuredmedia":[{"embeddable":true,"href":"https:\/\/microscopemedia.com\/index.php?rest_route=\/wp\/v2\/media\/677555"}],"wp:attachment":[{"href":"https:\/\/microscopemedia.com\/index.php?rest_route=%2Fwp%2Fv2%2Fmedia&parent=677554"}],"wp:term":[{"taxonomy":"category","embeddable":true,"href":"https:\/\/microscopemedia.com\/index.php?rest_route=%2Fwp%2Fv2%2Fcategories&post=677554"},{"taxonomy":"post_tag","embeddable":true,"href":"https:\/\/microscopemedia.com\/index.php?rest_route=%2Fwp%2Fv2%2Ftags&post=677554"}],"curies":[{"name":"wp","href":"https:\/\/api.w.org\/{rel}","templated":true}]}}