{"id":677558,"date":"2026-02-18T20:46:04","date_gmt":"2026-02-18T20:46:04","guid":{"rendered":"https:\/\/microscopemedia.com\/?p=677558"},"modified":"2026-02-18T20:46:04","modified_gmt":"2026-02-18T20:46:04","slug":"sorin-grindeanu-i-a-dat-dreptate-lui-nicusor-dan-nu-prea-a-fost-nevoie-de-majorarea-tva","status":"publish","type":"post","link":"https:\/\/microscopemedia.com\/?p=677558","title":{"rendered":"Sorin Grindeanu i-a dat dreptate lui Nicu\u0219or Dan: \u201eNu prea a fost nevoie de majorarea TVA\u201d"},"content":{"rendered":"<div><img decoding=\"async\" src=\"https:\/\/microscopemedia.com\/wp-content\/uploads\/2026\/02\/sorin-grindeanu-i-a-dat-dreptate-lui-nicusor-dan-nu-prea-a-fost-nevoie-de-majorarea-tva.jpg\" class=\"ff-og-image-inserted\"><\/div>\n<p id=\"p-0\">Declara\u021bia a fost f\u0103cut\u0103 \u00een contextul discu\u021biilor despre strategia economic\u0103 \u0219i despre m\u0103surile fiscale adoptate de guvern, <a href=\"https:\/\/www.mediafax.ro\/stirile-zilei\/grindeanu-despre-discutiile-cu-nicusor-dan-presedintele-vrea-sa-crestem-ajutorul-pentru-gaza-legea-femicidului-printre-prioritati-23689332\">Grindeanu<\/a> sus\u021bin\u00e2nd c\u0103 etapa de disciplin\u0103 financiar\u0103 trebuia urmat\u0103 mai rapid de un program de relansare economic\u0103.<\/p>\n<p id=\"p-1\">\u201eAcum dac\u0103 m\u0103 uit peste cifre, \u00eenclin s\u0103-i dau dreptate pre\u0219edintelui Nicu\u0219or Dan, c\u0103 nu prea a fost nevoie de m\u0103rirea TVA.\u201d<\/p>\n<h2 id=\"chapter-0\">Relansarea economic\u0103 trebuia \u00eenceput\u0103 mai devreme?<\/h2>\n<p id=\"p-2\">Mai mult, Grindeanu a explicat c\u0103 m\u0103surile de reducere a cheltuielilor \u0219i reformele administrative adoptate anterior au fost corecte, \u00eens\u0103 guvernul ar fi trebuit s\u0103 treac\u0103 \u00eenc\u0103 din septembrie la stimularea economiei.<\/p>\n<p id=\"p-3\">\u201eCealalt\u0103 variant\u0103 era s\u0103 r\u0103m\u00e2n\u0103 aceast\u0103 disciplin\u0103 financiar\u0103 pe care am spus c\u0103 o laud la Ministerul Finan\u021belor. Din septembrie trebuia s\u0103 se vin\u0103 cu relansarea economic\u0103\u201d, a declarat acesta.<\/p>\n<p id=\"p-4\">Potrivit liderului social-democrat, PSD a sus\u021binut restructur\u0103rile din institu\u021bii \u0219i limitarea indemniza\u021biilor \u00een consiliile de administra\u021bie, inclusiv la ANRE \u0219i ANCOM, dar ulterior direc\u021bia economic\u0103 a devenit gre\u0219it\u0103.<\/p>\n<p id=\"p-5\">\u201eDe acolo \u00eencolo, din septembrie \u00eencolo, s-a intrat \u00eentr-o treab\u0103 mai pu\u021bin necesar\u0103, din punctul meu de vedere\u201d, a adirmat Grindeanu.<\/p>\n<h2 id=\"chapter-1\">Pachetul economic \u0219i sprijinul pentru companii<\/h2>\n<p id=\"p-6\">Liderul PSD a mai precizat c\u0103 actualul pachet economic este asumat de PSD, cu excep\u021bii pentru domenii precum s\u0103n\u0103tatea, educa\u021bia \u0219i sistemul de ap\u0103rare \u0219i ordine public\u0103.<\/p>\n<p id=\"p-7\">El a ad\u0103ugat c\u0103 impactul relans\u0103rii depinde de modul \u00een care Ministerul Finan\u021belor va aplica schemele de ajutor pentru companii, fie prin credite fiscale, fie prin granturi, estim\u00e2nd c\u0103 efectul asupra economiei ar putea \u00eensemna un plus de aproximativ un punct procentual de cre\u0219tere, \u00een func\u021bie de implementare.<\/p>\n","protected":false},"excerpt":{"rendered":"<p>Declara\u021bia a fost f\u0103cut\u0103 \u00een contextul discu\u021biilor despre strategia economic\u0103 \u0219i despre m\u0103surile fiscale adoptate de guvern, Grindeanu sus\u021bin\u00e2nd c\u0103 etapa de disciplin\u0103 financiar\u0103 trebuia urmat\u0103 mai rapid de un &hellip; <a href=\"https:\/\/microscopemedia.com\/?p=677558\" class=\"more-link\">Read More<\/a><\/p>\n","protected":false},"author":1,"featured_media":677559,"comment_status":"closed","ping_status":"closed","sticky":false,"template":"Default","format":"standard","meta":[],"categories":[1],"tags":[],"_links":{"self":[{"href":"https:\/\/microscopemedia.com\/index.php?rest_route=\/wp\/v2\/posts\/677558"}],"collection":[{"href":"https:\/\/microscopemedia.com\/index.php?rest_route=\/wp\/v2\/posts"}],"about":[{"href":"https:\/\/microscopemedia.com\/index.php?rest_route=\/wp\/v2\/types\/post"}],"author":[{"embeddable":true,"href":"https:\/\/microscopemedia.com\/index.php?rest_route=\/wp\/v2\/users\/1"}],"replies":[{"embeddable":true,"href":"https:\/\/microscopemedia.com\/index.php?rest_route=%2Fwp%2Fv2%2Fcomments&post=677558"}],"version-history":[{"count":0,"href":"https:\/\/microscopemedia.com\/index.php?rest_route=\/wp\/v2\/posts\/677558\/revisions"}],"wp:featuredmedia":[{"embeddable":true,"href":"https:\/\/microscopemedia.com\/index.php?rest_route=\/wp\/v2\/media\/677559"}],"wp:attachment":[{"href":"https:\/\/microscopemedia.com\/index.php?rest_route=%2Fwp%2Fv2%2Fmedia&parent=677558"}],"wp:term":[{"taxonomy":"category","embeddable":true,"href":"https:\/\/microscopemedia.com\/index.php?rest_route=%2Fwp%2Fv2%2Fcategories&post=677558"},{"taxonomy":"post_tag","embeddable":true,"href":"https:\/\/microscopemedia.com\/index.php?rest_route=%2Fwp%2Fv2%2Ftags&post=677558"}],"curies":[{"name":"wp","href":"https:\/\/api.w.org\/{rel}","templated":true}]}}